{"id":19080,"date":"2018-10-20T23:16:21","date_gmt":"2018-10-20T23:16:21","guid":{"rendered":"https:\/\/armstrongyregion.com.ar\/diario\/?p=19080"},"modified":"2018-10-20T23:20:57","modified_gmt":"2018-10-20T23:20:57","slug":"numero-record-mas-de-14-mil-inscriptos-para-ser-policias-en-santa-fe","status":"publish","type":"post","link":"https:\/\/armstrongyregion.com.ar\/diario\/numero-record-mas-de-14-mil-inscriptos-para-ser-policias-en-santa-fe\/","title":{"rendered":"N\u00famero R\u00e9cord. Mas de 14 mil inscriptos para ser Polic\u00edas en Santa Fe."},"content":{"rendered":"<p><a href=\"http:\/\/armstrongyregion.com.ar\/diario\/wp-content\/uploads\/2018\/10\/policias-aspirantes-.jpg\"><img loading=\"lazy\" decoding=\"async\" src=\"http:\/\/armstrongyregion.com.ar\/diario\/wp-content\/uploads\/2018\/10\/policias-aspirantes-.jpg\" alt=\"policias-aspirantes-\" width=\"768\" height=\"512\" class=\"alignnone size-full wp-image-19081\" srcset=\"https:\/\/armstrongyregion.com.ar\/diario\/wp-content\/uploads\/2018\/10\/policias-aspirantes-.jpg 768w, https:\/\/armstrongyregion.com.ar\/diario\/wp-content\/uploads\/2018\/10\/policias-aspirantes--300x200.jpg 300w\" sizes=\"auto, (max-width: 768px) 100vw, 768px\" \/><\/a>El<br \/>\n ministro de Seguridad Maximiliano Pullaro asegur\u00f3 que la cifra de inscriptos es hist\u00f3rica. Adem\u00e1s destac\u00f3 las reformas educativas implementadas en su gesti\u00f3n.<\/p>\n<p>Los directivos del Instituto de Seguridad P\u00fablica (ISEP) de Santa Fe anunciaron que cerraron las inscripciones al ciclo lectivo 2019 \u2013 2020 con un total de 14.088 aspirantes a sumarse a la fuerza de seguridad provincial. El ministro de Seguridad Maximiliano Pullaro<br \/>\n felicit\u00f3 a los hombres y mujeres interesados en sumarse a \u201cla nueva Polic\u00eda de Santa Fe, que estamos construyendo con m\u00e1s capacitaci\u00f3n y mejor equipamiento a pedido de nuestro gobernador Miguel Lifschitz, y el vicegobernador Carlos Fascendini\u201d.<\/p>\n<p>Con los n\u00fameros finales de inscriptos, el ministro Pullaro destac\u00f3 la transformaci\u00f3n que viene realizando en la instituci\u00f3n policial: \u201cTenemos, por primera vez en la historia de la Polic\u00eda de Santa Fe, r\u00e9cord de j\u00f3venes santafesinos que pretenden formar parte<br \/>\n de nuestra fuerza. Esto es sumamente importante, significa que nuestra Polic\u00eda gana prestigio d\u00eda a d\u00eda y que hay j\u00f3venes que empiezan a elegir ser polic\u00edas\u201d. Adem\u00e1s de mostrar entusiasmo, transmiti\u00f3 un mensaje a los 14.088 aspirantes: \u201cLes digo que desde<br \/>\n el Instituto de Seguridad P\u00fablica vamos a trabajar fuertemente para que tengan la vocaci\u00f3n y determinaci\u00f3n de llevar adelante una profesi\u00f3n tan noble como es ser parte de una fuerza de seguridad\u201d.<\/p>\n<p>Con respecto a la cantidad de inscriptos para ocupar una de las mil vacantes disponibles para el escalaf\u00f3n de seguridad p\u00fablica, es decir los polic\u00edas que tienen el rol de patrullar y controlar el delito en las calles, hubo 14.088 personas, de las cuales 8.928<br \/>\n fueron mujeres y 5.160 hombres.<\/p>\n<p>\u201cEstoy sumamente entusiasmado y contento por los pasos que fuimos dando, junto a la subsecretar\u00eda de Formaci\u00f3n y Desarrollo policial, la direcci\u00f3n del Instituto y la Jefatura de Polic\u00eda de provincia, en el Instituto de Seguridad P\u00fablica\u201d cont\u00f3 el ministro y explic\u00f3<br \/>\n que desde el momento en que le toc\u00f3 asumir al frente del Ministerio de Seguridad, y con el pedido tanto del gobernador Miguel Lifschitz como del vicegobernador Carlos Fascendini de tener la mejor Polic\u00eda de la Rep\u00fablica Argentina, \u201centendimos que era fundamental<br \/>\n pensar la formaci\u00f3n y el desarrollo de cada uno de los hombres y mujeres de la Polic\u00eda de Santa Fe, y entendimos que era central poder darles capacitaci\u00f3n y formaci\u00f3n permanente para ordenar la carrera policial desde el ingreso de los aspirantes al ISEP, tomando<br \/>\n decisiones importantes que van desde cuanto tiempo que ten\u00eda que tener de formaci\u00f3n cada uno de ellos, que pas\u00f3 a ser de dos a\u00f1os en el nivel inicial, hasta el trabajo que hicimos con quienes ya estaban dentro de la carrera policial\u201d.<\/p>\n<p>Adem\u00e1s Pullaro record\u00f3 que pusieron en funcionamiento la Escuela de Especialidades \u201cpara que todo el personal pueda adquirir las herramientas y capacitaci\u00f3n necesarias\u201d, crearon la Escuela Superior \u201cpara que las jerarqu\u00edas m\u00e1s importantes tuvieran la formaci\u00f3n, instrucci\u00f3n<br \/>\n y conocimientos necesarios\u201d. Por otro lado, destac\u00f3 los dos convenios firmados con la Universidad Nacional del Litoral (UNL), uno de ellos para que los nuevos efectivos \u201cpuedan estudiar y avanzar en la Licenciatura de Seguridad P\u00fablica\u201d y otro para quienes<br \/>\n llevan a\u00f1os dentro de la fuerza \u201cpuedan tener el t\u00edtulo de T\u00e9cnico en Seguridad P\u00fablica y as\u00ed avanzar en su formaci\u00f3n\u201d. En tanto destac\u00f3 que este a\u00f1o se puso en funcionamiento de la Escuela de Investigaciones \u201cpara quienes pretendan hacer su carrera dentro<br \/>\n de la Polic\u00eda de Investigaciones (PDI)\u201d.<\/p>\n<p>\u201cEn estos casi 3 a\u00f1os de gesti\u00f3n hemos avanzado much\u00edsimo en lo que es la formaci\u00f3n, pero tambi\u00e9n trabajamos para generar nuevas instituciones dentro de la Polic\u00eda: creamos la Central de An\u00e1lisis Criminal \u201cOjo\u201d, que nos permite estudiar la complejidad del delito<br \/>\n pero a su vez tener claridad de lo que sucede en cada punto de la provincia para que los jefes de cada una de las Unidades Regionales y de la Polic\u00eda de la provincia puedan planificar los recursos de manera eficaz y generar un impacto positivo en la seguridad<br \/>\n p\u00fablica; equipamos a nuestra fuerza con la entrega de uniformes policiales, con chalecos bal\u00edsticos, y con tecnolog\u00eda, es este punto hablo de los nuevos patrulleros, que vienen con lectores de patentes, algunos de ellos vienen con tablets para que puedan planificar<br \/>\n el trabajo en cuadrantes y cuadr\u00edculas; del nuevo sistema de comunicaci\u00f3n TETRA\u201d entre otras de las mejoras que enumer\u00f3 el ministro Maximiliano Pullaro.<\/p>\n<p>Por \u00faltimo, Pullaro lanz\u00f3 un mensaje de aliento a los aspirante a ocupar una de las mil vacantes disponibles para ingresar al ISEP: \u201cQuiero pedirles a quienes est\u00e1n iniciando la carrera policial, que puedan apostar siempre a la formaci\u00f3n, siempre a la capacitaci\u00f3n.<br \/>\n En nuestro pa\u00eds la seguridad p\u00fablica es un tema que vino para quedarse, si ustedes realmente apuestan a la Escuela de Especialidades, a la Escuela Superior, si aprovechan los convenios para que puedan ser licenciados en Seguridad P\u00fablica, les puedo asegurar<br \/>\n que van a poder transitar cada una de las jerarqu\u00edas con los conocimientos necesarios, y que honren el rol que les tocar\u00e1 cumplir en un futuro\u201d.<\/p>\n<p>Despu\u00e9s de la inscripci\u00f3n. Con<br \/>\n respecto a la formaci\u00f3n, los aspirantes tienen por delante dos a\u00f1os de formaci\u00f3n que les permitir\u00e1 trabajar como suboficiales, la primer jerarqu\u00eda dentro de la carrera. Luego tiene dos a\u00f1os de pr\u00e1ctica, lo que les habilita a cursar el tercer a\u00f1os para recibirse<br \/>\n como \u201cT\u00e9cnico superior en Seguridad P\u00fablica y Ciudadana.<\/p>\n<p>Durante la primera etapa de formaci\u00f3n, los estudiantes reciben una beca de entre 2.400 y 2.800 pesos de acuerdo a la distancia de su lugar de origen. Una vez que ingresan a la fuerza, el salario inicial es de $19.000.<\/p>\n<p>Con el proceso de inscripciones finalizado, se abre la segunda parte que es el proceso de selecci\u00f3n que consta de varias etapas: examen m\u00e9dico, psicol\u00f3gico, de destreza f\u00edsica, una prueba acad\u00e9mica para la cual se les provee el material de estudio y una \u00faltima<br \/>\n etapa, incorporada en el a\u00f1o 2016 que tiene que ver con una visita por parte de trabajadores sociales a la vivienda de los inscriptos.<\/p>\n<p>El inicio de clases est\u00e1 previsto para febrero del 2019.<\/p>\n","protected":false},"excerpt":{"rendered":"<p>El ministro de Seguridad Maximiliano Pullaro asegur\u00f3 que la cifra de inscriptos es hist\u00f3rica. Adem\u00e1s destac\u00f3 las reformas educativas implementadas en su gesti\u00f3n. Los directivos del Instituto de Seguridad P\u00fablica (ISEP) de Santa Fe anunciaron que cerraron las inscripciones al ciclo lectivo 2019 \u2013 2020 con un total de 14.088 aspirantes a sumarse a la <a href=\"https:\/\/armstrongyregion.com.ar\/diario\/numero-record-mas-de-14-mil-inscriptos-para-ser-policias-en-santa-fe\/\" title=\"Read more\" >&#8230;<\/a><\/p>\n","protected":false},"author":1,"featured_media":19081,"comment_status":"open","ping_status":"open","sticky":false,"template":"","format":"standard","meta":{"_jetpack_memberships_contains_paid_content":false,"footnotes":"","jetpack_publicize_message":"","jetpack_publicize_feature_enabled":true,"jetpack_social_post_already_shared":false,"jetpack_social_options":{"image_generator_settings":{"template":"highway","default_image_id":0,"enabled":false},"version":2}},"categories":[6,8,1,2,2852,3],"tags":[7239],"class_list":["post-19080","post","type-post","status-publish","format-standard","has-post-thumbnail","hentry","category-cultura-entretenimiento","category-deliberando","category-diario-armstrong","category-locales","category-policiales","category-region","tag-numero-record-mas-de-14-mil-inscriptos-para-ser-policias-en-santa-fe"],"jetpack_publicize_connections":[],"jetpack_featured_media_url":"https:\/\/armstrongyregion.com.ar\/diario\/wp-content\/uploads\/2018\/10\/policias-aspirantes-.jpg","jetpack_shortlink":"https:\/\/wp.me\/p62QDO-4XK","jetpack_sharing_enabled":true,"amp_enabled":true,"_links":{"self":[{"href":"https:\/\/armstrongyregion.com.ar\/diario\/wp-json\/wp\/v2\/posts\/19080","targetHints":{"allow":["GET"]}}],"collection":[{"href":"https:\/\/armstrongyregion.com.ar\/diario\/wp-json\/wp\/v2\/posts"}],"about":[{"href":"https:\/\/armstrongyregion.com.ar\/diario\/wp-json\/wp\/v2\/types\/post"}],"author":[{"embeddable":true,"href":"https:\/\/armstrongyregion.com.ar\/diario\/wp-json\/wp\/v2\/users\/1"}],"replies":[{"embeddable":true,"href":"https:\/\/armstrongyregion.com.ar\/diario\/wp-json\/wp\/v2\/comments?post=19080"}],"version-history":[{"count":0,"href":"https:\/\/armstrongyregion.com.ar\/diario\/wp-json\/wp\/v2\/posts\/19080\/revisions"}],"wp:featuredmedia":[{"embeddable":true,"href":"https:\/\/armstrongyregion.com.ar\/diario\/wp-json\/wp\/v2\/media\/19081"}],"wp:attachment":[{"href":"https:\/\/armstrongyregion.com.ar\/diario\/wp-json\/wp\/v2\/media?parent=19080"}],"wp:term":[{"taxonomy":"category","embeddable":true,"href":"https:\/\/armstrongyregion.com.ar\/diario\/wp-json\/wp\/v2\/categories?post=19080"},{"taxonomy":"post_tag","embeddable":true,"href":"https:\/\/armstrongyregion.com.ar\/diario\/wp-json\/wp\/v2\/tags?post=19080"}],"curies":[{"name":"wp","href":"https:\/\/api.w.org\/{rel}","templated":true}]}}