{"id":19039,"date":"2018-10-17T21:01:19","date_gmt":"2018-10-17T21:01:19","guid":{"rendered":"https:\/\/armstrongyregion.com.ar\/diario\/?p=19039"},"modified":"2018-10-17T21:01:19","modified_gmt":"2018-10-17T21:01:19","slug":"charla-informativa-taller-desarrollo-del-comportamiento-emprendedor","status":"publish","type":"post","link":"https:\/\/armstrongyregion.com.ar\/diario\/charla-informativa-taller-desarrollo-del-comportamiento-emprendedor\/","title":{"rendered":"Charla Informativa \u00abTaller desarrollo del comportamiento emprendedor\u00bb."},"content":{"rendered":"<p><a href=\"http:\/\/armstrongyregion.com.ar\/diario\/wp-content\/uploads\/2018\/10\/Redes-1250x1250-CCV-en-Ca\u00f1ada-de-Gomez-1.jpg\"><img loading=\"lazy\" decoding=\"async\" src=\"http:\/\/armstrongyregion.com.ar\/diario\/wp-content\/uploads\/2018\/10\/Redes-1250x1250-CCV-en-Ca\u00f1ada-de-Gomez-1.jpg\" alt=\"Redes-1250x1250-CCV-en-Ca\u00f1ada-de-Gomez (1)\" width=\"600\" height=\"600\" class=\"alignnone size-full wp-image-19040\" srcset=\"https:\/\/armstrongyregion.com.ar\/diario\/wp-content\/uploads\/2018\/10\/Redes-1250x1250-CCV-en-Ca\u00f1ada-de-Gomez-1.jpg 600w, https:\/\/armstrongyregion.com.ar\/diario\/wp-content\/uploads\/2018\/10\/Redes-1250x1250-CCV-en-Ca\u00f1ada-de-Gomez-1-150x150.jpg 150w, https:\/\/armstrongyregion.com.ar\/diario\/wp-content\/uploads\/2018\/10\/Redes-1250x1250-CCV-en-Ca\u00f1ada-de-Gomez-1-300x300.jpg 300w, https:\/\/armstrongyregion.com.ar\/diario\/wp-content\/uploads\/2018\/10\/Redes-1250x1250-CCV-en-Ca\u00f1ada-de-Gomez-1-144x144.jpg 144w\" sizes=\"auto, (max-width: 600px) 100vw, 600px\" \/><\/a>La Fundaci\u00f3n para el Desarrollo de Ca\u00f1ada de G\u00f3mez informa que est\u00e1 abierta la inscripci\u00f3n a la charla informativa del TALLER \u201cDesarrollo del Comportamiento Emprendedor\u201d que se dictar\u00e1 pr\u00f3ximamente en nuestra ciudad.<\/p>\n<p>Este Taller Busca familiarizar a empresarios y emprendedores con los patrones de comportamiento del empresario exitoso para que puedan identificar, reconocer y evaluar estos patrones en s\u00ed mismos y en otras personas con el fin de aplicarlos en la gesti\u00f3n de sus propios negocios. <\/p>\n<p>Dictado por instructores formados y certificados por Naciones Unidas.<\/p>\n<p>La charla informativa se realizar\u00e1 el Mi\u00e9rcoles 24 de Octubre, 13 Hs. En FUDECA. Los interesados en participar deben inscribirse en FU.DE.CA. (Sarmiento 153) o llamando a los tel\u00e9fonos 03471- 421689 \/ 15532312<\/p>\n","protected":false},"excerpt":{"rendered":"<p>La Fundaci\u00f3n para el Desarrollo de Ca\u00f1ada de G\u00f3mez informa que est\u00e1 abierta la inscripci\u00f3n a la charla informativa del TALLER \u201cDesarrollo del Comportamiento Emprendedor\u201d que se dictar\u00e1 pr\u00f3ximamente en nuestra ciudad. Este Taller Busca familiarizar a empresarios y emprendedores con los patrones de comportamiento del empresario exitoso para que puedan identificar, reconocer y evaluar <a href=\"https:\/\/armstrongyregion.com.ar\/diario\/charla-informativa-taller-desarrollo-del-comportamiento-emprendedor\/\" title=\"Read more\" >&#8230;<\/a><\/p>\n","protected":false},"author":1,"featured_media":19040,"comment_status":"open","ping_status":"open","sticky":false,"template":"","format":"standard","meta":{"_jetpack_memberships_contains_paid_content":false,"footnotes":"","jetpack_publicize_message":"","jetpack_publicize_feature_enabled":true,"jetpack_social_post_already_shared":false,"jetpack_social_options":{"image_generator_settings":{"template":"highway","default_image_id":0,"enabled":false},"version":2}},"categories":[8,1,2,3],"tags":[7218],"class_list":["post-19039","post","type-post","status-publish","format-standard","has-post-thumbnail","hentry","category-deliberando","category-diario-armstrong","category-locales","category-region","tag-charla-informativa-taller-desarrollo-del-comportamiento-emprendedor"],"jetpack_publicize_connections":[],"jetpack_featured_media_url":"https:\/\/armstrongyregion.com.ar\/diario\/wp-content\/uploads\/2018\/10\/Redes-1250x1250-CCV-en-Ca\u00f1ada-de-Gomez-1.jpg","jetpack_shortlink":"https:\/\/wp.me\/p62QDO-4X5","jetpack_sharing_enabled":true,"amp_enabled":true,"_links":{"self":[{"href":"https:\/\/armstrongyregion.com.ar\/diario\/wp-json\/wp\/v2\/posts\/19039","targetHints":{"allow":["GET"]}}],"collection":[{"href":"https:\/\/armstrongyregion.com.ar\/diario\/wp-json\/wp\/v2\/posts"}],"about":[{"href":"https:\/\/armstrongyregion.com.ar\/diario\/wp-json\/wp\/v2\/types\/post"}],"author":[{"embeddable":true,"href":"https:\/\/armstrongyregion.com.ar\/diario\/wp-json\/wp\/v2\/users\/1"}],"replies":[{"embeddable":true,"href":"https:\/\/armstrongyregion.com.ar\/diario\/wp-json\/wp\/v2\/comments?post=19039"}],"version-history":[{"count":0,"href":"https:\/\/armstrongyregion.com.ar\/diario\/wp-json\/wp\/v2\/posts\/19039\/revisions"}],"wp:featuredmedia":[{"embeddable":true,"href":"https:\/\/armstrongyregion.com.ar\/diario\/wp-json\/wp\/v2\/media\/19040"}],"wp:attachment":[{"href":"https:\/\/armstrongyregion.com.ar\/diario\/wp-json\/wp\/v2\/media?parent=19039"}],"wp:term":[{"taxonomy":"category","embeddable":true,"href":"https:\/\/armstrongyregion.com.ar\/diario\/wp-json\/wp\/v2\/categories?post=19039"},{"taxonomy":"post_tag","embeddable":true,"href":"https:\/\/armstrongyregion.com.ar\/diario\/wp-json\/wp\/v2\/tags?post=19039"}],"curies":[{"name":"wp","href":"https:\/\/api.w.org\/{rel}","templated":true}]}}