{"id":1902,"date":"2015-04-26T15:32:06","date_gmt":"2015-04-26T15:32:06","guid":{"rendered":"https:\/\/armstrongyregion.com.ar\/diario\/?p=1902"},"modified":"2015-04-26T15:32:06","modified_gmt":"2015-04-26T15:32:06","slug":"el-poder-legislativo-santafesino-cumple-200-anos","status":"publish","type":"post","link":"https:\/\/armstrongyregion.com.ar\/diario\/el-poder-legislativo-santafesino-cumple-200-anos\/","title":{"rendered":"El Poder Legislativo santafesino cumple 200 a\u00f1os."},"content":{"rendered":"<p><a href=\"http:\/\/armstrongyregion.com.ar\/diario\/wp-content\/uploads\/2015\/04\/8926a2f9-ad17-429e-93c5-acd56434ac62.jpg\"><img loading=\"lazy\" decoding=\"async\" class=\"alignnone size-medium wp-image-1903\" src=\"http:\/\/armstrongyregion.com.ar\/diario\/wp-content\/uploads\/2015\/04\/8926a2f9-ad17-429e-93c5-acd56434ac62-300x221.jpg\" alt=\"Luis Rubeo\" width=\"300\" height=\"221\" srcset=\"https:\/\/armstrongyregion.com.ar\/diario\/wp-content\/uploads\/2015\/04\/8926a2f9-ad17-429e-93c5-acd56434ac62-300x221.jpg 300w, https:\/\/armstrongyregion.com.ar\/diario\/wp-content\/uploads\/2015\/04\/8926a2f9-ad17-429e-93c5-acd56434ac62-1024x755.jpg 1024w\" sizes=\"auto, (max-width: 300px) 100vw, 300px\" \/><\/a>Rubeo: \u201cS\u00f3lo con democracia podremos seguir en el camino de la inclusi\u00f3n y la igualdad\u201d<br \/>\n\u201cHace exactamente doscientos a\u00f1os se conformaba en nuestra provincia la \u2018Primera Junta de Representantes\u2019, lo que conocemos actualmente como Poder Legislativo\u201d, record\u00f3 Luis Rubeo (h), titular de la C\u00e1mara de Diputados.\u200b \u201cEse 26 de abril comenz\u00f3 a escribirse la historia de la Casa de las Leyes santafesina, una instituci\u00f3n que estamos orgullosos de constituir y que pretendemos que cada d\u00eda est\u00e9 m\u00e1s cerca de la gente, respondiendo a sus necesidades\u201d, continu\u00f3.<\/p>\n<p>El pueblo de Santa Fe\u200b fue convocado el 25 de abril de 1815 para elegir a su primer gobernador aut\u00f3nomo. Esta decisi\u00f3n llev\u00f3 al d\u00eda siguiente a ratificar en ese cargo a Francisco Candioti. En ese acto se constituy\u00f3 adem\u00e1s lo que se denomin\u00f3 \u201cJunta Representativa\u201d o \u201cSoberan\u00eda\u201d, \u201cel puntapi\u00e9 inicial de una rica historia legislativa que hoy, gracias a la democracia, seguimos alimentando\u201d, agreg\u00f3 Rubeo.<\/p>\n<p>En el marco del bicentenario, la m\u00e1xima autoridad de Diputados trajo a colaci\u00f3n la obra de Cecchini de Dallo presentada el a\u00f1o pasado, la cual -en palabras de la propia autora- \u201crevisa la historia de la provincia con la mirada puesta en el Poder Legislativo, no circunscripta a su evoluci\u00f3n constitucional sino haciendo una lectura de su producci\u00f3n y del compromiso con la obra gubernamental del Poder Ejecutivo para convertir en leyes las propuestas o los proyectos presentados por sus propios miembros, posibilitando -en ambos casos- que la provincia de Santa Fe se construyera, ladrillo sobre ladrillo, mediante el ejercicio del sistema republicano\u201d.<\/p>\n<p>As\u00ed, el diputado se refiri\u00f3 a los inicios de la actividad legislativa y expres\u00f3: \u201cRecorrer de la mano de la autora los primeros cien a\u00f1os permiten apreciar c\u00f3mo en aquel momento exist\u00edan pujas pol\u00edticas entre los diferentes sectores, aquellos que representaban al clero, al comercio o los m\u00e1s cercanos a la corona, siendo visible tambi\u00e9n la manera en que se disputaban los espacios de poder y sus consiguientes recursos\u201d, y a\u00f1adi\u00f3: \u201cQueda en evidencia la participaci\u00f3n de Santa Fe en lo que fue la alianza con Artigas all\u00e1 por 1830; la diferencia que ten\u00edamos como provincia con el gobierno unitario de Urquiza; c\u00f3mo fueron las primeras elecciones de diputados en Santa Fe Capital, San Jos\u00e9 del Rinc\u00f3n, Rosario y San Jer\u00f3nimo, siendo \u00e9stas las cuatro localidades donde en un comienzo se eleg\u00edan representantes\u201d.<\/p>\n<p>A modo de cierre, Rubeo reflexion\u00f3: \u201cCreo que el mensaje no puede ser otro que el de continuar defendiendo la democracia que, con aciertos y errores, fortalecemos cada d\u00eda desde el lugar que nos toca. S\u00f3lo con democracia podremos seguir en el camino de la inclusi\u00f3n y la igualdad\u201d.<\/p>\n","protected":false},"excerpt":{"rendered":"<p>Rubeo: \u201cS\u00f3lo con democracia podremos seguir en el camino de la inclusi\u00f3n y la igualdad\u201d \u201cHace exactamente doscientos a\u00f1os se conformaba en nuestra provincia la \u2018Primera Junta de Representantes\u2019, lo que conocemos actualmente como Poder Legislativo\u201d, record\u00f3 Luis Rubeo (h), titular de la C\u00e1mara de Diputados.\u200b \u201cEse 26 de abril comenz\u00f3 a escribirse la historia <a href=\"https:\/\/armstrongyregion.com.ar\/diario\/el-poder-legislativo-santafesino-cumple-200-anos\/\" title=\"Read more\" >&#8230;<\/a><\/p>\n","protected":false},"author":2,"featured_media":1903,"comment_status":"open","ping_status":"open","sticky":false,"template":"","format":"standard","meta":{"_jetpack_memberships_contains_paid_content":false,"footnotes":"","jetpack_publicize_message":"","jetpack_publicize_feature_enabled":true,"jetpack_social_post_already_shared":false,"jetpack_social_options":{"image_generator_settings":{"template":"highway","default_image_id":0,"enabled":false},"version":2}},"categories":[8,1,7],"tags":[1521,197,1545,16,1118,1544,1282],"class_list":["post-1902","post","type-post","status-publish","format-standard","has-post-thumbnail","hentry","category-deliberando","category-diario-armstrong","category-politica","tag-1521","tag-anos","tag-cumple","tag-el","tag-legislativo","tag-poder","tag-santafesino"],"jetpack_publicize_connections":[],"jetpack_featured_media_url":"https:\/\/armstrongyregion.com.ar\/diario\/wp-content\/uploads\/2015\/04\/8926a2f9-ad17-429e-93c5-acd56434ac62.jpg","jetpack_shortlink":"https:\/\/wp.me\/p62QDO-uG","jetpack_sharing_enabled":true,"amp_enabled":true,"_links":{"self":[{"href":"https:\/\/armstrongyregion.com.ar\/diario\/wp-json\/wp\/v2\/posts\/1902","targetHints":{"allow":["GET"]}}],"collection":[{"href":"https:\/\/armstrongyregion.com.ar\/diario\/wp-json\/wp\/v2\/posts"}],"about":[{"href":"https:\/\/armstrongyregion.com.ar\/diario\/wp-json\/wp\/v2\/types\/post"}],"author":[{"embeddable":true,"href":"https:\/\/armstrongyregion.com.ar\/diario\/wp-json\/wp\/v2\/users\/2"}],"replies":[{"embeddable":true,"href":"https:\/\/armstrongyregion.com.ar\/diario\/wp-json\/wp\/v2\/comments?post=1902"}],"version-history":[{"count":0,"href":"https:\/\/armstrongyregion.com.ar\/diario\/wp-json\/wp\/v2\/posts\/1902\/revisions"}],"wp:featuredmedia":[{"embeddable":true,"href":"https:\/\/armstrongyregion.com.ar\/diario\/wp-json\/wp\/v2\/media\/1903"}],"wp:attachment":[{"href":"https:\/\/armstrongyregion.com.ar\/diario\/wp-json\/wp\/v2\/media?parent=1902"}],"wp:term":[{"taxonomy":"category","embeddable":true,"href":"https:\/\/armstrongyregion.com.ar\/diario\/wp-json\/wp\/v2\/categories?post=1902"},{"taxonomy":"post_tag","embeddable":true,"href":"https:\/\/armstrongyregion.com.ar\/diario\/wp-json\/wp\/v2\/tags?post=1902"}],"curies":[{"name":"wp","href":"https:\/\/api.w.org\/{rel}","templated":true}]}}