{"id":1899,"date":"2015-04-26T15:20:47","date_gmt":"2015-04-26T15:20:47","guid":{"rendered":"https:\/\/armstrongyregion.com.ar\/diario\/?p=1899"},"modified":"2015-04-26T15:20:47","modified_gmt":"2015-04-26T15:20:47","slug":"el-primer-sorteo-de-stands-ratifico-la-vigencia-de-agroactiva","status":"publish","type":"post","link":"https:\/\/armstrongyregion.com.ar\/diario\/el-primer-sorteo-de-stands-ratifico-la-vigencia-de-agroactiva\/","title":{"rendered":"El primer sorteo de stands ratific\u00f3 la vigencia de AgroActiva."},"content":{"rendered":"<p><a href=\"http:\/\/armstrongyregion.com.ar\/diario\/wp-content\/uploads\/2015\/04\/cabecera-sorteo-uno.jpg\"><img loading=\"lazy\" decoding=\"async\" class=\"alignnone size-medium wp-image-1900\" src=\"http:\/\/armstrongyregion.com.ar\/diario\/wp-content\/uploads\/2015\/04\/cabecera-sorteo-uno-300x194.jpg\" alt=\"cabecera sorteo uno\" width=\"300\" height=\"194\" srcset=\"https:\/\/armstrongyregion.com.ar\/diario\/wp-content\/uploads\/2015\/04\/cabecera-sorteo-uno-300x194.jpg 300w, https:\/\/armstrongyregion.com.ar\/diario\/wp-content\/uploads\/2015\/04\/cabecera-sorteo-uno.jpg 768w\" sizes=\"auto, (max-width: 300px) 100vw, 300px\" \/><\/a>M\u00e1s de 300 personas participaron del evento en el que los expositores de la mega muestra seleccionaron su ubicaci\u00f3n en el plano de la misma. Las empresas m\u00e1s importantes confirmaron su presencia en la fr\u00eda agropecuaria m\u00e1s grande de Argentina.<br \/>\nEl primer sorteo de stands de AgroActiva 2015 ratific\u00f3 la vigencia y liderazgo de la exposici\u00f3n. Unas 350 personas participaron del evento, que tuvo lugar en el Complejo La Arbolada de Funes, en el que los expositores eligieron su ubicaci\u00f3n en el plano de la feria.<br \/>\nLa cantidad de empresas que dijeron presente en el sorteo y que, por consiguiente, participar\u00e1n de la mega muestra del 10 al 13 de junio en la localidad de Monje. Fabricantes de maquinaria agr\u00edcola, multinacionales y de industria nacional, empresas grandes, medianas y chicas; automotrices que comercializan autom\u00f3viles, camionetas y camiones; bancos estatales y privados; compa\u00f1\u00edas proveedoras de insumos y servicios para el agro; organismos gubernamentales de alcance nacional, provincial y municipal, entre muchos otros rubros le dar\u00e1n marco a la vig\u00e9simo primera edici\u00f3n de la exposici\u00f3n agropecuaria a campo abierto m\u00e1s grande de argentina.<br \/>\nPrevio a la elecci\u00f3n de los espacios por parte de los expositores se llevaron a cabo los discursos protocolares que tuvieron como disertantes al ministro de la Producci\u00f3n de Santa Fe, Carlos Fascendini; al presidente comunal de Monje, Pedro Severini; y a la presidente de AgroActiva, Rosana Nardi.<br \/>\nEl ministro santafesino dijo que el Gobierno local apuesta \u201cfuertemente a que AgroActiva se haga en nuestro territorio y por eso siempre est\u00e1 el apoyo para mostrar lo que produce la provincia de Santa Fe. Es una gran vidriera para que desde este lugar nos exhibamos al mundo\u201d.<br \/>\nDesde el Gobierno se viene haciendo, seg\u00fan Fascendini, mucho para el desarrollo y la producci\u00f3n pero son momentos muy duros para el sector industrial en el que cada decisi\u00f3n es pensada muchas veces. \u201cDe todas formas, la inversi\u00f3n que realizan para estar en AgroActiva tiene un resultado positivo para todos ustedes\u201d, destac\u00f3 el funcionario.<br \/>\nEn el plano institucional Carlos Fascendini indic\u00f3 que \u201ctenemos el orgullo de ser la \u00fanica provincia que tiene un Plan Estrat\u00e9gico al a\u00f1o 2030 que permite tener certezas y seguridad jur\u00eddica para quienes quieren invertir. Por eso bogamos a cambios que esperamos ver en un futuro y tenemos las posibilidades institucionales de hacerlo y, aunque atravesamos momentos de incertidumbre, estamos convencidos que se podr\u00e1 realizar en un pa\u00eds confiable, cre\u00edble y con seriedad\u201d.<br \/>\nEl arte de producir<br \/>\n\u201cAgroActiva se transformar\u00e1 en el encuentro esperado y obligado para todo el sector agroindustrias de nuestro pa\u00eds\u201d, remarc\u00f3 Rosana Nardi en el inicio de su alocuci\u00f3n.<br \/>\nLuego agradeci\u00f3 al Gobierno de Santa Fe por \u201chabernos recibido durante los \u00faltimos a\u00f1os de la mejor manera en este suelo santafesino que es, sin lugar a dudas, el mejor para hacer la exposici\u00f3n. Tambi\u00e9n destac\u00f3 la hospitalidad y amabilidad de toda su gente, del personal de la Comuna y especialmente de Pedro Severini que se ha convertido en un integrante m\u00e1s del equipo de trabajo, poni\u00e9ndose al hombro muchas de las tareas en el predio\u201d.<br \/>\nEste a\u00f1o se denomin\u00f3 a AgroActiva el arte de producir para \u201crendir homenaje a los expositores que con su trabajo, su esfuerzo y su \u00edmpetu para resaltar su presencia en la feria, convierten a la muestra en una verdadera galer\u00eda del arte del sector productivo agropecuario\u201d, indic\u00f3 la presidente de la empresa.<br \/>\nEl compromiso es el de mejorar a\u00f1o a a\u00f1o para que los expositores saquen el mayor provecho de su participaci\u00f3n en la muestra, que recaben informaci\u00f3n, hagan negocios y obtengan el mejor resultado posible.<br \/>\n\u201cElegimos Monje \u2013coment\u00f3 Nardi- porque esa una zona productiva, agropecuaria, y en la que no ha habido una exposici\u00f3n de esta envergadura. Creemos entonces que va a generarse una expectativa muy grande y que redundar\u00e1 en una masiva concurrencia de p\u00fablico espec\u00edfico. Contamos para esto con una ubicaci\u00f3n estrat\u00e9gica, un campo con buenos accesos y una nutrida presencia de complejos de caba\u00f1as para el alojamiento\u201d.<br \/>\nAl referirse a las actividades de la muestra aseguraron que en la est\u00e1tica va a conjugarse una enorme cantidad de expositores de los rubros m\u00e1s diversos y las submuestras como Aeroaplica, AgroActiva Ganadera, el espacio de lecher\u00eda, el de avicultura, el de vitivinicultura, las pruebas din\u00e1micas y la Ronda de Negocios.<br \/>\n\u201cTrabajaremos para que AgroActiva sea la m\u00e1s feliz, la m\u00e1s productiva y que se genere el reinicio de la rueda comercial del sector agropecuario que est\u00e1 necesitando un nuevo impulso\u201d, concluy\u00f3.<br \/>\nMonje los recibe<br \/>\nEl presidente comunal de la localidad anfitriona de la muestra, Pedro Severini, se\u00f1al\u00f3 que se siente \u201chalagado de tener una muestra como AgroActiva. Para nosotros es un cambio importante por el movimiento que se ha generado en nuestra localidad y la regi\u00f3n. Monje est\u00e1 emplazada en una zona estrat\u00e9gica y por eso confiamos en que ser\u00e1 muy grande la concurrencia en el mes de junio\u201d.<br \/>\nMonje es un pueblo chico pero, como remarca el intendente en cada oportunidad, con buena voluntad de trabajo y \u201clo estamos demostrando en las tareas conjuntas que llevamos a cabo con los organizadores en el predio de AgroActiva\u201d.<br \/>\nLa elecci\u00f3n<br \/>\nAntes de comenzar el sorteo hab\u00edan seleccionado su lugar los sponsors de AgroActiva: Gobierno de Santa Fe, Ministerio de Agricultura de la Naci\u00f3n, INTA, FORD, Comuna de Monje, YPF, KWS, IPCVA, Gobierno de C\u00f3rdoba, Agroads, Secco, AFA, Farmquip, Cadena 3, Nuevo ABC Rural, Radio Continental, La Capital.<\/p>\n<p>&nbsp;<\/p>\n","protected":false},"excerpt":{"rendered":"<p>M\u00e1s de 300 personas participaron del evento en el que los expositores de la mega muestra seleccionaron su ubicaci\u00f3n en el plano de la misma. Las empresas m\u00e1s importantes confirmaron su presencia en la fr\u00eda agropecuaria m\u00e1s grande de Argentina. El primer sorteo de stands de AgroActiva 2015 ratific\u00f3 la vigencia y liderazgo de la <a href=\"https:\/\/armstrongyregion.com.ar\/diario\/el-primer-sorteo-de-stands-ratifico-la-vigencia-de-agroactiva\/\" title=\"Read more\" >&#8230;<\/a><\/p>\n","protected":false},"author":2,"featured_media":1900,"comment_status":"open","ping_status":"open","sticky":false,"template":"","format":"standard","meta":{"_jetpack_memberships_contains_paid_content":false,"footnotes":"","jetpack_publicize_message":"","jetpack_publicize_feature_enabled":true,"jetpack_social_post_already_shared":false,"jetpack_social_options":{"image_generator_settings":{"template":"highway","default_image_id":0,"enabled":false},"version":2}},"categories":[1,3],"tags":[492,19,16,31,605,1542,727,1541,1543],"class_list":["post-1899","post","type-post","status-publish","format-standard","has-post-thumbnail","hentry","category-diario-armstrong","category-region","tag-agroactiva","tag-de","tag-el","tag-la","tag-primer","tag-ratifico","tag-sorteo","tag-stands","tag-vigencia"],"jetpack_publicize_connections":[],"jetpack_featured_media_url":"https:\/\/armstrongyregion.com.ar\/diario\/wp-content\/uploads\/2015\/04\/cabecera-sorteo-uno.jpg","jetpack_shortlink":"https:\/\/wp.me\/p62QDO-uD","jetpack_sharing_enabled":true,"amp_enabled":true,"_links":{"self":[{"href":"https:\/\/armstrongyregion.com.ar\/diario\/wp-json\/wp\/v2\/posts\/1899","targetHints":{"allow":["GET"]}}],"collection":[{"href":"https:\/\/armstrongyregion.com.ar\/diario\/wp-json\/wp\/v2\/posts"}],"about":[{"href":"https:\/\/armstrongyregion.com.ar\/diario\/wp-json\/wp\/v2\/types\/post"}],"author":[{"embeddable":true,"href":"https:\/\/armstrongyregion.com.ar\/diario\/wp-json\/wp\/v2\/users\/2"}],"replies":[{"embeddable":true,"href":"https:\/\/armstrongyregion.com.ar\/diario\/wp-json\/wp\/v2\/comments?post=1899"}],"version-history":[{"count":0,"href":"https:\/\/armstrongyregion.com.ar\/diario\/wp-json\/wp\/v2\/posts\/1899\/revisions"}],"wp:featuredmedia":[{"embeddable":true,"href":"https:\/\/armstrongyregion.com.ar\/diario\/wp-json\/wp\/v2\/media\/1900"}],"wp:attachment":[{"href":"https:\/\/armstrongyregion.com.ar\/diario\/wp-json\/wp\/v2\/media?parent=1899"}],"wp:term":[{"taxonomy":"category","embeddable":true,"href":"https:\/\/armstrongyregion.com.ar\/diario\/wp-json\/wp\/v2\/categories?post=1899"},{"taxonomy":"post_tag","embeddable":true,"href":"https:\/\/armstrongyregion.com.ar\/diario\/wp-json\/wp\/v2\/tags?post=1899"}],"curies":[{"name":"wp","href":"https:\/\/api.w.org\/{rel}","templated":true}]}}