{"id":18973,"date":"2018-10-11T21:38:22","date_gmt":"2018-10-11T21:38:22","guid":{"rendered":"https:\/\/armstrongyregion.com.ar\/diario\/?p=18973"},"modified":"2018-10-11T21:38:22","modified_gmt":"2018-10-11T21:38:22","slug":"comunicado-por-funcionamiento-de-la-calesita","status":"publish","type":"post","link":"https:\/\/armstrongyregion.com.ar\/diario\/comunicado-por-funcionamiento-de-la-calesita\/","title":{"rendered":"Comunicado por funcionamiento de la calesita."},"content":{"rendered":"<p><a href=\"http:\/\/armstrongyregion.com.ar\/diario\/wp-content\/uploads\/2018\/10\/Calesita-.jpg\"><img loading=\"lazy\" decoding=\"async\" src=\"http:\/\/armstrongyregion.com.ar\/diario\/wp-content\/uploads\/2018\/10\/Calesita-.jpg\" alt=\"Calesita-\" width=\"960\" height=\"540\" class=\"alignnone size-full wp-image-18911\" srcset=\"https:\/\/armstrongyregion.com.ar\/diario\/wp-content\/uploads\/2018\/10\/Calesita-.jpg 960w, https:\/\/armstrongyregion.com.ar\/diario\/wp-content\/uploads\/2018\/10\/Calesita--300x169.jpg 300w\" sizes=\"auto, (max-width: 960px) 100vw, 960px\" \/><\/a>La Municipalidad de Armstrong informa que, debido a la realizaci\u00f3n de Feria de Colectividades este fin de semana, la calesita del complejo recreativo Bracito Fuerte funcionar\u00e1 el d\u00eda lunes 15, de 15 a 18 hs.<br \/>\nMuchas gracias.<\/p>\n","protected":false},"excerpt":{"rendered":"<p>La Municipalidad de Armstrong informa que, debido a la realizaci\u00f3n de Feria de Colectividades este fin de semana, la calesita del complejo recreativo Bracito Fuerte funcionar\u00e1 el d\u00eda lunes 15, de 15 a 18 hs. Muchas gracias.<\/p>\n","protected":false},"author":1,"featured_media":18911,"comment_status":"open","ping_status":"open","sticky":false,"template":"","format":"standard","meta":{"_jetpack_memberships_contains_paid_content":false,"footnotes":"","jetpack_publicize_message":"","jetpack_publicize_feature_enabled":true,"jetpack_social_post_already_shared":false,"jetpack_social_options":{"image_generator_settings":{"template":"highway","default_image_id":0,"enabled":false},"version":2}},"categories":[8,1,2,3],"tags":[7198],"class_list":["post-18973","post","type-post","status-publish","format-standard","has-post-thumbnail","hentry","category-deliberando","category-diario-armstrong","category-locales","category-region","tag-comunicado-por-funcionamiento-de-la-calesita"],"jetpack_publicize_connections":[],"jetpack_featured_media_url":"https:\/\/armstrongyregion.com.ar\/diario\/wp-content\/uploads\/2018\/10\/Calesita-.jpg","jetpack_shortlink":"https:\/\/wp.me\/p62QDO-4W1","jetpack_sharing_enabled":true,"amp_enabled":true,"_links":{"self":[{"href":"https:\/\/armstrongyregion.com.ar\/diario\/wp-json\/wp\/v2\/posts\/18973","targetHints":{"allow":["GET"]}}],"collection":[{"href":"https:\/\/armstrongyregion.com.ar\/diario\/wp-json\/wp\/v2\/posts"}],"about":[{"href":"https:\/\/armstrongyregion.com.ar\/diario\/wp-json\/wp\/v2\/types\/post"}],"author":[{"embeddable":true,"href":"https:\/\/armstrongyregion.com.ar\/diario\/wp-json\/wp\/v2\/users\/1"}],"replies":[{"embeddable":true,"href":"https:\/\/armstrongyregion.com.ar\/diario\/wp-json\/wp\/v2\/comments?post=18973"}],"version-history":[{"count":0,"href":"https:\/\/armstrongyregion.com.ar\/diario\/wp-json\/wp\/v2\/posts\/18973\/revisions"}],"wp:featuredmedia":[{"embeddable":true,"href":"https:\/\/armstrongyregion.com.ar\/diario\/wp-json\/wp\/v2\/media\/18911"}],"wp:attachment":[{"href":"https:\/\/armstrongyregion.com.ar\/diario\/wp-json\/wp\/v2\/media?parent=18973"}],"wp:term":[{"taxonomy":"category","embeddable":true,"href":"https:\/\/armstrongyregion.com.ar\/diario\/wp-json\/wp\/v2\/categories?post=18973"},{"taxonomy":"post_tag","embeddable":true,"href":"https:\/\/armstrongyregion.com.ar\/diario\/wp-json\/wp\/v2\/tags?post=18973"}],"curies":[{"name":"wp","href":"https:\/\/api.w.org\/{rel}","templated":true}]}}