{"id":1896,"date":"2015-04-26T15:17:43","date_gmt":"2015-04-26T15:17:43","guid":{"rendered":"https:\/\/armstrongyregion.com.ar\/diario\/?p=1896"},"modified":"2015-04-26T15:17:43","modified_gmt":"2015-04-26T15:17:43","slug":"clerici-convoco-a-los-partidos-politicos-para-impulsar-el-esclarecimiento-de-lo-denunciado-por-el-senador-rasetto","status":"publish","type":"post","link":"https:\/\/armstrongyregion.com.ar\/diario\/clerici-convoco-a-los-partidos-politicos-para-impulsar-el-esclarecimiento-de-lo-denunciado-por-el-senador-rasetto\/","title":{"rendered":"Cl\u00e9rici convoc\u00f3 a los partidos pol\u00edticos para impulsar el esclarecimiento de lo denunciado por el senador Rasetto."},"content":{"rendered":"<p><a href=\"http:\/\/armstrongyregion.com.ar\/diario\/wp-content\/uploads\/2015\/04\/IMG_0219.jpg\"><img loading=\"lazy\" decoding=\"async\" class=\"alignnone size-medium wp-image-1897\" src=\"http:\/\/armstrongyregion.com.ar\/diario\/wp-content\/uploads\/2015\/04\/IMG_0219-300x200.jpg\" alt=\"Stella Clerici\" width=\"300\" height=\"200\" srcset=\"https:\/\/armstrongyregion.com.ar\/diario\/wp-content\/uploads\/2015\/04\/IMG_0219-300x200.jpg 300w, https:\/\/armstrongyregion.com.ar\/diario\/wp-content\/uploads\/2015\/04\/IMG_0219.jpg 768w\" sizes=\"auto, (max-width: 300px) 100vw, 300px\" \/><\/a>La intendenta Cl\u00e9rici convoc\u00f3 a los partidos pol\u00edticos para impulsar el<br \/>\nesclarecimiento de lo denunciado por el senador Rasetto.<br \/>\nLa reuni\u00f3n se realizar\u00e1 el pr\u00f3ximo lunes a las 8 hs. en el Despacho<br \/>\nMunicipal. \u201cD\u00edas previos a las elecciones fuimos v\u00edctimas de lo que<br \/>\nconstituyen claros episodios de campa\u00f1a sucia que enturbian la<br \/>\nnormalidad de un proceso democr\u00e1tico\u201d, expres\u00f3.<\/p>\n<p>La intendenta Stella Cl\u00e9rici junto a la secretaria de Gobierno Carina<br \/>\nMozzoni convocaron a los partidos pol\u00edticos de nuestra ciudad para<br \/>\nimpulsar el esclarecimiento del hecho denunciado por el senador Rasetto<br \/>\nal cierre de la campa\u00f1a de las pasadas elecciones primarias.<br \/>\nEl encuentro se realizar\u00e1 el pr\u00f3ximo lunes a las 8 hs. en el despacho<br \/>\nmunicipal para exigir que se esclarezca la denuncia con celeridad y<br \/>\naclarar si el mail sali\u00f3 de la cuenta del senador; si la cuenta fue<br \/>\nhackeada y el mensaje adulterado; si los tel\u00e9fonos fueron bloqueados;<br \/>\ndesde donde efectuaron las llamadas para pedir que se bloqueen; qui\u00e9n<br \/>\nhackeo el mail; se determinen responsabilidades y se condenen los<br \/>\ndelitos que eventualmente se hayan cometido.<br \/>\n\u201cConvocamos a las fuerzas pol\u00edticas de la ciudad para condenar todo<br \/>\ntipo de violencia, agresiones o campa\u00f1a sucia, e impulsar el<br \/>\nesclarecimiento total de estos hechos\u201d, expres\u00f3 Cl\u00e9rici.<\/p>\n","protected":false},"excerpt":{"rendered":"<p>La intendenta Cl\u00e9rici convoc\u00f3 a los partidos pol\u00edticos para impulsar el esclarecimiento de lo denunciado por el senador Rasetto. La reuni\u00f3n se realizar\u00e1 el pr\u00f3ximo lunes a las 8 hs. en el Despacho Municipal. \u201cD\u00edas previos a las elecciones fuimos v\u00edctimas de lo que constituyen claros episodios de campa\u00f1a sucia que enturbian la normalidad de <a href=\"https:\/\/armstrongyregion.com.ar\/diario\/clerici-convoco-a-los-partidos-politicos-para-impulsar-el-esclarecimiento-de-lo-denunciado-por-el-senador-rasetto\/\" title=\"Read more\" >&#8230;<\/a><\/p>\n","protected":false},"author":2,"featured_media":1897,"comment_status":"open","ping_status":"open","sticky":false,"template":"","format":"standard","meta":{"_jetpack_memberships_contains_paid_content":false,"footnotes":"","jetpack_publicize_message":"","jetpack_publicize_feature_enabled":true,"jetpack_social_post_already_shared":false,"jetpack_social_options":{"image_generator_settings":{"template":"highway","default_image_id":0,"enabled":false},"version":2}},"categories":[1,3],"tags":[33,83,1535,19,1540,16,1539,1538,1109,42,81,1536,1537,60,977,238],"class_list":["post-1896","post","type-post","status-publish","format-standard","has-post-thumbnail","hentry","category-diario-armstrong","category-region","tag-a","tag-clerici","tag-convoco","tag-de","tag-denunciado","tag-el","tag-esclarecimiento","tag-impulsar","tag-lo","tag-los","tag-para","tag-partidos","tag-politicos","tag-por","tag-rasetto","tag-senador"],"jetpack_publicize_connections":[],"jetpack_featured_media_url":"https:\/\/armstrongyregion.com.ar\/diario\/wp-content\/uploads\/2015\/04\/IMG_0219.jpg","jetpack_shortlink":"https:\/\/wp.me\/p62QDO-uA","jetpack_sharing_enabled":true,"amp_enabled":true,"_links":{"self":[{"href":"https:\/\/armstrongyregion.com.ar\/diario\/wp-json\/wp\/v2\/posts\/1896","targetHints":{"allow":["GET"]}}],"collection":[{"href":"https:\/\/armstrongyregion.com.ar\/diario\/wp-json\/wp\/v2\/posts"}],"about":[{"href":"https:\/\/armstrongyregion.com.ar\/diario\/wp-json\/wp\/v2\/types\/post"}],"author":[{"embeddable":true,"href":"https:\/\/armstrongyregion.com.ar\/diario\/wp-json\/wp\/v2\/users\/2"}],"replies":[{"embeddable":true,"href":"https:\/\/armstrongyregion.com.ar\/diario\/wp-json\/wp\/v2\/comments?post=1896"}],"version-history":[{"count":0,"href":"https:\/\/armstrongyregion.com.ar\/diario\/wp-json\/wp\/v2\/posts\/1896\/revisions"}],"wp:featuredmedia":[{"embeddable":true,"href":"https:\/\/armstrongyregion.com.ar\/diario\/wp-json\/wp\/v2\/media\/1897"}],"wp:attachment":[{"href":"https:\/\/armstrongyregion.com.ar\/diario\/wp-json\/wp\/v2\/media?parent=1896"}],"wp:term":[{"taxonomy":"category","embeddable":true,"href":"https:\/\/armstrongyregion.com.ar\/diario\/wp-json\/wp\/v2\/categories?post=1896"},{"taxonomy":"post_tag","embeddable":true,"href":"https:\/\/armstrongyregion.com.ar\/diario\/wp-json\/wp\/v2\/tags?post=1896"}],"curies":[{"name":"wp","href":"https:\/\/api.w.org\/{rel}","templated":true}]}}