{"id":18910,"date":"2018-10-05T23:33:48","date_gmt":"2018-10-05T23:33:48","guid":{"rendered":"https:\/\/armstrongyregion.com.ar\/diario\/?p=18910"},"modified":"2018-10-05T23:33:48","modified_gmt":"2018-10-05T23:33:48","slug":"la-calesita-el-profe-vuelve-a-girar","status":"publish","type":"post","link":"https:\/\/armstrongyregion.com.ar\/diario\/la-calesita-el-profe-vuelve-a-girar\/","title":{"rendered":"La Calesita \u00abEl Profe\u00bb vuelve a girar."},"content":{"rendered":"<p><a href=\"http:\/\/armstrongyregion.com.ar\/diario\/wp-content\/uploads\/2018\/10\/Calesita-.jpg\"><img loading=\"lazy\" decoding=\"async\" src=\"http:\/\/armstrongyregion.com.ar\/diario\/wp-content\/uploads\/2018\/10\/Calesita-.jpg\" alt=\"Calesita-\" width=\"960\" height=\"540\" class=\"alignnone size-full wp-image-18911\" srcset=\"https:\/\/armstrongyregion.com.ar\/diario\/wp-content\/uploads\/2018\/10\/Calesita-.jpg 960w, https:\/\/armstrongyregion.com.ar\/diario\/wp-content\/uploads\/2018\/10\/Calesita--300x169.jpg 300w\" sizes=\"auto, (max-width: 960px) 100vw, 960px\" \/><\/a>El pr\u00f3ximo domingo 7 de octubre, vuelve a girar la Calesita \u00abEl Profe\u201d en el Complejo Recreativo Bracito Fuerte.<br \/>\nLa Secretaria de Gobierno Daniela P\u00e9rez expres\u00f3; \u201cS\u00f3lo resta agradecer a todos los que lo hicieron posible, al que dijo tiene que arrancar, al que se encarg\u00f3 de la parte mec\u00e1nica, a quien pint\u00f3 sus juegos, a quien restaur\u00f3 el piso, los espejos y cada una de sus partes. Y al municipio que destin\u00f3 los fondos necesarios para que hoy sea una realidad\u201d.<br \/>\n<a href=\"http:\/\/armstrongyregion.com.ar\/diario\/wp-content\/uploads\/2018\/10\/Calesita-horarios-.jpg\"><img loading=\"lazy\" decoding=\"async\" src=\"http:\/\/armstrongyregion.com.ar\/diario\/wp-content\/uploads\/2018\/10\/Calesita-horarios-.jpg\" alt=\"Calesita-horarios-\" width=\"679\" height=\"960\" class=\"alignnone size-full wp-image-18912\" srcset=\"https:\/\/armstrongyregion.com.ar\/diario\/wp-content\/uploads\/2018\/10\/Calesita-horarios-.jpg 679w, https:\/\/armstrongyregion.com.ar\/diario\/wp-content\/uploads\/2018\/10\/Calesita-horarios--212x300.jpg 212w\" sizes=\"auto, (max-width: 679px) 100vw, 679px\" \/><\/a>Risas, juegos y felicidad son im\u00e1genes repetidas en la memoria de cada adulto cuando piensa en las propias aventuras vividas en las plazas. La calesita, atracci\u00f3n principal, sigue siendo hoy, en medio de la tecnolog\u00eda e Internet, la meta del fin del d\u00eda en los m\u00e1s chicos. Los ni\u00f1os de la comunidad de Armstrong est\u00e1n todos invitados a girar.<\/p>\n","protected":false},"excerpt":{"rendered":"<p>El pr\u00f3ximo domingo 7 de octubre, vuelve a girar la Calesita \u00abEl Profe\u201d en el Complejo Recreativo Bracito Fuerte. La Secretaria de Gobierno Daniela P\u00e9rez expres\u00f3; \u201cS\u00f3lo resta agradecer a todos los que lo hicieron posible, al que dijo tiene que arrancar, al que se encarg\u00f3 de la parte mec\u00e1nica, a quien pint\u00f3 sus juegos, <a href=\"https:\/\/armstrongyregion.com.ar\/diario\/la-calesita-el-profe-vuelve-a-girar\/\" title=\"Read more\" >&#8230;<\/a><\/p>\n","protected":false},"author":1,"featured_media":18911,"comment_status":"open","ping_status":"open","sticky":false,"template":"","format":"standard","meta":{"_jetpack_memberships_contains_paid_content":false,"footnotes":"","jetpack_publicize_message":"","jetpack_publicize_feature_enabled":true,"jetpack_social_post_already_shared":false,"jetpack_social_options":{"image_generator_settings":{"template":"highway","default_image_id":0,"enabled":false},"version":2}},"categories":[8,1,2,7],"tags":[7180],"class_list":["post-18910","post","type-post","status-publish","format-standard","has-post-thumbnail","hentry","category-deliberando","category-diario-armstrong","category-locales","category-politica","tag-la-calesita-el-profe-vuelve-a-girar"],"jetpack_publicize_connections":[],"jetpack_featured_media_url":"https:\/\/armstrongyregion.com.ar\/diario\/wp-content\/uploads\/2018\/10\/Calesita-.jpg","jetpack_shortlink":"https:\/\/wp.me\/p62QDO-4V0","jetpack_sharing_enabled":true,"amp_enabled":true,"_links":{"self":[{"href":"https:\/\/armstrongyregion.com.ar\/diario\/wp-json\/wp\/v2\/posts\/18910","targetHints":{"allow":["GET"]}}],"collection":[{"href":"https:\/\/armstrongyregion.com.ar\/diario\/wp-json\/wp\/v2\/posts"}],"about":[{"href":"https:\/\/armstrongyregion.com.ar\/diario\/wp-json\/wp\/v2\/types\/post"}],"author":[{"embeddable":true,"href":"https:\/\/armstrongyregion.com.ar\/diario\/wp-json\/wp\/v2\/users\/1"}],"replies":[{"embeddable":true,"href":"https:\/\/armstrongyregion.com.ar\/diario\/wp-json\/wp\/v2\/comments?post=18910"}],"version-history":[{"count":0,"href":"https:\/\/armstrongyregion.com.ar\/diario\/wp-json\/wp\/v2\/posts\/18910\/revisions"}],"wp:featuredmedia":[{"embeddable":true,"href":"https:\/\/armstrongyregion.com.ar\/diario\/wp-json\/wp\/v2\/media\/18911"}],"wp:attachment":[{"href":"https:\/\/armstrongyregion.com.ar\/diario\/wp-json\/wp\/v2\/media?parent=18910"}],"wp:term":[{"taxonomy":"category","embeddable":true,"href":"https:\/\/armstrongyregion.com.ar\/diario\/wp-json\/wp\/v2\/categories?post=18910"},{"taxonomy":"post_tag","embeddable":true,"href":"https:\/\/armstrongyregion.com.ar\/diario\/wp-json\/wp\/v2\/tags?post=18910"}],"curies":[{"name":"wp","href":"https:\/\/api.w.org\/{rel}","templated":true}]}}