{"id":18905,"date":"2018-10-05T14:17:56","date_gmt":"2018-10-05T14:17:56","guid":{"rendered":"https:\/\/armstrongyregion.com.ar\/diario\/?p=18905"},"modified":"2018-10-05T14:23:06","modified_gmt":"2018-10-05T14:23:06","slug":"armstrong-solidaridad-todos-por-ivan-nobrega","status":"publish","type":"post","link":"https:\/\/armstrongyregion.com.ar\/diario\/armstrong-solidaridad-todos-por-ivan-nobrega\/","title":{"rendered":"Armstrong. Solidaridad: \u201cTodos por Iv\u00e1n Nobrega\u201d."},"content":{"rendered":"<p><a href=\"http:\/\/armstrongyregion.com.ar\/diario\/wp-content\/uploads\/2018\/10\/Verito-Gauna-.jpg\"><img loading=\"lazy\" decoding=\"async\" src=\"http:\/\/armstrongyregion.com.ar\/diario\/wp-content\/uploads\/2018\/10\/Verito-Gauna-.jpg\" alt=\"Verito-Gauna-\" width=\"735\" height=\"600\" class=\"alignnone size-full wp-image-18906\" srcset=\"https:\/\/armstrongyregion.com.ar\/diario\/wp-content\/uploads\/2018\/10\/Verito-Gauna-.jpg 735w, https:\/\/armstrongyregion.com.ar\/diario\/wp-content\/uploads\/2018\/10\/Verito-Gauna--300x245.jpg 300w\" sizes=\"auto, (max-width: 735px) 100vw, 735px\" \/><\/a>Amigos y alumnos de Osvaldo \u201cChocolate\u201d Nobrega, se reunieron para recolectar dinero y ayudar econ\u00f3micamente a la familia, tras el accidente que sufri\u00f3 su hijo Iv\u00e1n el pasado domingo.<br \/>\n Quienes quieran sumarse a la campa\u00f1a solidaria pueden hacerlo a trav\u00e9s de las urnas colocadas en algunos comercios de la ciudad.<br \/>\nActualidad Informativa- Cable Imagen Armstrong. <\/p>\n","protected":false},"excerpt":{"rendered":"<p>Amigos y alumnos de Osvaldo \u201cChocolate\u201d Nobrega, se reunieron para recolectar dinero y ayudar econ\u00f3micamente a la familia, tras el accidente que sufri\u00f3 su hijo Iv\u00e1n el pasado domingo. Quienes quieran sumarse a la campa\u00f1a solidaria pueden hacerlo a trav\u00e9s de las urnas colocadas en algunos comercios de la ciudad. Actualidad Informativa- Cable Imagen Armstrong.<\/p>\n","protected":false},"author":1,"featured_media":18906,"comment_status":"open","ping_status":"open","sticky":false,"template":"","format":"standard","meta":{"_jetpack_memberships_contains_paid_content":false,"footnotes":"","jetpack_publicize_message":"","jetpack_publicize_feature_enabled":true,"jetpack_social_post_already_shared":false,"jetpack_social_options":{"image_generator_settings":{"template":"highway","default_image_id":0,"enabled":false},"version":2}},"categories":[8,1,2],"tags":[7179],"class_list":["post-18905","post","type-post","status-publish","format-standard","has-post-thumbnail","hentry","category-deliberando","category-diario-armstrong","category-locales","tag-solidaridad-todos-por-ivan-nobrega"],"jetpack_publicize_connections":[],"jetpack_featured_media_url":"https:\/\/armstrongyregion.com.ar\/diario\/wp-content\/uploads\/2018\/10\/Verito-Gauna-.jpg","jetpack_shortlink":"https:\/\/wp.me\/p62QDO-4UV","jetpack_sharing_enabled":true,"amp_enabled":true,"_links":{"self":[{"href":"https:\/\/armstrongyregion.com.ar\/diario\/wp-json\/wp\/v2\/posts\/18905","targetHints":{"allow":["GET"]}}],"collection":[{"href":"https:\/\/armstrongyregion.com.ar\/diario\/wp-json\/wp\/v2\/posts"}],"about":[{"href":"https:\/\/armstrongyregion.com.ar\/diario\/wp-json\/wp\/v2\/types\/post"}],"author":[{"embeddable":true,"href":"https:\/\/armstrongyregion.com.ar\/diario\/wp-json\/wp\/v2\/users\/1"}],"replies":[{"embeddable":true,"href":"https:\/\/armstrongyregion.com.ar\/diario\/wp-json\/wp\/v2\/comments?post=18905"}],"version-history":[{"count":0,"href":"https:\/\/armstrongyregion.com.ar\/diario\/wp-json\/wp\/v2\/posts\/18905\/revisions"}],"wp:featuredmedia":[{"embeddable":true,"href":"https:\/\/armstrongyregion.com.ar\/diario\/wp-json\/wp\/v2\/media\/18906"}],"wp:attachment":[{"href":"https:\/\/armstrongyregion.com.ar\/diario\/wp-json\/wp\/v2\/media?parent=18905"}],"wp:term":[{"taxonomy":"category","embeddable":true,"href":"https:\/\/armstrongyregion.com.ar\/diario\/wp-json\/wp\/v2\/categories?post=18905"},{"taxonomy":"post_tag","embeddable":true,"href":"https:\/\/armstrongyregion.com.ar\/diario\/wp-json\/wp\/v2\/tags?post=18905"}],"curies":[{"name":"wp","href":"https:\/\/api.w.org\/{rel}","templated":true}]}}