{"id":18902,"date":"2018-10-04T22:47:54","date_gmt":"2018-10-04T22:47:54","guid":{"rendered":"https:\/\/armstrongyregion.com.ar\/diario\/?p=18902"},"modified":"2018-10-04T22:47:54","modified_gmt":"2018-10-04T22:47:54","slug":"feria-americana-organizada-por-como-perros-y-gatos","status":"publish","type":"post","link":"https:\/\/armstrongyregion.com.ar\/diario\/feria-americana-organizada-por-como-perros-y-gatos\/","title":{"rendered":"Feria Americana organizada por \u00abComo Perros y Gatos\u00bb."},"content":{"rendered":"<p><a href=\"http:\/\/armstrongyregion.com.ar\/diario\/wp-content\/uploads\/2018\/10\/marina-pieve.jpg\"><img loading=\"lazy\" decoding=\"async\" src=\"http:\/\/armstrongyregion.com.ar\/diario\/wp-content\/uploads\/2018\/10\/marina-pieve.jpg\" alt=\"marina-pieve\" width=\"768\" height=\"576\" class=\"alignnone size-full wp-image-18903\" srcset=\"https:\/\/armstrongyregion.com.ar\/diario\/wp-content\/uploads\/2018\/10\/marina-pieve.jpg 768w, https:\/\/armstrongyregion.com.ar\/diario\/wp-content\/uploads\/2018\/10\/marina-pieve-300x225.jpg 300w\" sizes=\"auto, (max-width: 768px) 100vw, 768px\" \/><\/a>El pr\u00f3ximo s\u00e1bado 6 de Octubre a partir de las 16.30 hs.,  la agrupaci\u00f3n \u201cComo Perros y Gatos\u201d invita a una nueva edici\u00f3n de la Feria Americana.<br \/>\nEl lugar del encuentro ser\u00e1 en el Paseo Santa Rita.  El objetivo de la feria es recaudar dinero que ser\u00e1 destinado a solventar los gastos veterinarios para todo aquel perro o gato callejero.<br \/>\nFuente: Actualidad Informativa.<\/p>\n","protected":false},"excerpt":{"rendered":"<p>El pr\u00f3ximo s\u00e1bado 6 de Octubre a partir de las 16.30 hs., la agrupaci\u00f3n \u201cComo Perros y Gatos\u201d invita a una nueva edici\u00f3n de la Feria Americana. El lugar del encuentro ser\u00e1 en el Paseo Santa Rita. El objetivo de la feria es recaudar dinero que ser\u00e1 destinado a solventar los gastos veterinarios para todo <a href=\"https:\/\/armstrongyregion.com.ar\/diario\/feria-americana-organizada-por-como-perros-y-gatos\/\" title=\"Read more\" >&#8230;<\/a><\/p>\n","protected":false},"author":1,"featured_media":18903,"comment_status":"open","ping_status":"open","sticky":false,"template":"","format":"standard","meta":{"_jetpack_memberships_contains_paid_content":false,"footnotes":"","jetpack_publicize_message":"","jetpack_publicize_feature_enabled":true,"jetpack_social_post_already_shared":false,"jetpack_social_options":{"image_generator_settings":{"template":"highway","default_image_id":0,"enabled":false},"version":2}},"categories":[8,1,2],"tags":[7178],"class_list":["post-18902","post","type-post","status-publish","format-standard","has-post-thumbnail","hentry","category-deliberando","category-diario-armstrong","category-locales","tag-feria-americana-organizada-por-como-perros-y-gatos"],"jetpack_publicize_connections":[],"jetpack_featured_media_url":"https:\/\/armstrongyregion.com.ar\/diario\/wp-content\/uploads\/2018\/10\/marina-pieve.jpg","jetpack_shortlink":"https:\/\/wp.me\/p62QDO-4US","jetpack_sharing_enabled":true,"amp_enabled":true,"_links":{"self":[{"href":"https:\/\/armstrongyregion.com.ar\/diario\/wp-json\/wp\/v2\/posts\/18902","targetHints":{"allow":["GET"]}}],"collection":[{"href":"https:\/\/armstrongyregion.com.ar\/diario\/wp-json\/wp\/v2\/posts"}],"about":[{"href":"https:\/\/armstrongyregion.com.ar\/diario\/wp-json\/wp\/v2\/types\/post"}],"author":[{"embeddable":true,"href":"https:\/\/armstrongyregion.com.ar\/diario\/wp-json\/wp\/v2\/users\/1"}],"replies":[{"embeddable":true,"href":"https:\/\/armstrongyregion.com.ar\/diario\/wp-json\/wp\/v2\/comments?post=18902"}],"version-history":[{"count":0,"href":"https:\/\/armstrongyregion.com.ar\/diario\/wp-json\/wp\/v2\/posts\/18902\/revisions"}],"wp:featuredmedia":[{"embeddable":true,"href":"https:\/\/armstrongyregion.com.ar\/diario\/wp-json\/wp\/v2\/media\/18903"}],"wp:attachment":[{"href":"https:\/\/armstrongyregion.com.ar\/diario\/wp-json\/wp\/v2\/media?parent=18902"}],"wp:term":[{"taxonomy":"category","embeddable":true,"href":"https:\/\/armstrongyregion.com.ar\/diario\/wp-json\/wp\/v2\/categories?post=18902"},{"taxonomy":"post_tag","embeddable":true,"href":"https:\/\/armstrongyregion.com.ar\/diario\/wp-json\/wp\/v2\/tags?post=18902"}],"curies":[{"name":"wp","href":"https:\/\/api.w.org\/{rel}","templated":true}]}}