{"id":18891,"date":"2018-10-04T00:32:56","date_gmt":"2018-10-04T00:32:56","guid":{"rendered":"https:\/\/armstrongyregion.com.ar\/diario\/?p=18891"},"modified":"2018-10-04T00:32:56","modified_gmt":"2018-10-04T00:32:56","slug":"licitacion-para-la-reestructura-del-establecimiento-que-albergara-a-los-alumnos-de-la-escuela-tecnica","status":"publish","type":"post","link":"https:\/\/armstrongyregion.com.ar\/diario\/licitacion-para-la-reestructura-del-establecimiento-que-albergara-a-los-alumnos-de-la-escuela-tecnica\/","title":{"rendered":"Licitaci\u00f3n para la reestructura del establecimiento que albergara a los alumnos de la Escuela T\u00e9cnica."},"content":{"rendered":"<p><a href=\"http:\/\/armstrongyregion.com.ar\/diario\/wp-content\/uploads\/2018\/10\/Escuela-tecnica.jpg\"><img loading=\"lazy\" decoding=\"async\" src=\"http:\/\/armstrongyregion.com.ar\/diario\/wp-content\/uploads\/2018\/10\/Escuela-tecnica.jpg\" alt=\"Escuela-tecnica\" width=\"768\" height=\"432\" class=\"alignnone size-full wp-image-18892\" srcset=\"https:\/\/armstrongyregion.com.ar\/diario\/wp-content\/uploads\/2018\/10\/Escuela-tecnica.jpg 768w, https:\/\/armstrongyregion.com.ar\/diario\/wp-content\/uploads\/2018\/10\/Escuela-tecnica-300x169.jpg 300w\" sizes=\"auto, (max-width: 768px) 100vw, 768px\" \/><\/a>En la ma\u00f1ana del mi\u00e9rcoles 3 de octubre, en el sal\u00f3n Demo Dar\u00f3 de la Municipalidad de Armstrong se procedi\u00f3 a la apertura de sobres correspondiente al llamado a licitaci\u00f3n N\u00b0 09\/2018 con el objeto de la provisi\u00f3n de materiales y mano de obra en el edificio para el traslado de la Escuela T\u00e9cnica N\u00b0 291 \u201cFray L. Beltr\u00e1n\u201d de la ciudad.<br \/>\nEncabez\u00f3 dicho acto el Intendente Dr. Pablo Verdecchia, acompa\u00f1ado por los Secretarios de Hacienda y Finanzas, de Educaci\u00f3n, Cultura y Deporte, y de Gobierno, CP Franco Sterrantino, Prof. Rosana Siri y Daniela P\u00e9rez, respectivamente, el Director de Obras y Servicios P\u00fablicos Ing. Marcos Veglio, y la Dra. Valeria Achilli por el Departamento Legales.<br \/>\nEstuvieron presentes tambi\u00e9n los Sres. Ariel Dial, Vanesa Dubini Andrea Tosi y Ram\u00f3n Ull\u00faa en calidad de oferentes, y los sres. Guillermo Ferro y Guillermo Godoy, Presidente de la Asociaci\u00f3n Cooperadora y Director, respectivamente, del establecimiento educativo.<br \/>\nEn la oportunidad, se recepcionaron cuatro (4) ofertas, todas pertenecientes a empresas locales, a saber: Silvio Espinola cotiza $2.268.800; Dubini Construcciones cotiza$ 1.881.930; Ariel Anibal Dial cotiza $ 2.254.260; Ram\u00f3n Ull\u00faa cotiza $ 2.301.365.<br \/>\nPrevia lectura y ratificaci\u00f3n, los presentes firmaron el acta correspondiente. De acuerdo a uno de los puntos previstos en el Pliego de bases y condiciones, las autoridades se reservan el derecho de aceptar o rechazar en forma total y\/o parcial la propuesta recibida, sin derecho a reclamo alguno por parte del oferente.<\/p>\n","protected":false},"excerpt":{"rendered":"<p>En la ma\u00f1ana del mi\u00e9rcoles 3 de octubre, en el sal\u00f3n Demo Dar\u00f3 de la Municipalidad de Armstrong se procedi\u00f3 a la apertura de sobres correspondiente al llamado a licitaci\u00f3n N\u00b0 09\/2018 con el objeto de la provisi\u00f3n de materiales y mano de obra en el edificio para el traslado de la Escuela T\u00e9cnica N\u00b0 <a href=\"https:\/\/armstrongyregion.com.ar\/diario\/licitacion-para-la-reestructura-del-establecimiento-que-albergara-a-los-alumnos-de-la-escuela-tecnica\/\" title=\"Read more\" >&#8230;<\/a><\/p>\n","protected":false},"author":1,"featured_media":18892,"comment_status":"open","ping_status":"open","sticky":false,"template":"","format":"standard","meta":{"_jetpack_memberships_contains_paid_content":false,"footnotes":"","jetpack_publicize_message":"","jetpack_publicize_feature_enabled":true,"jetpack_social_post_already_shared":false,"jetpack_social_options":{"image_generator_settings":{"template":"highway","default_image_id":0,"enabled":false},"version":2}},"categories":[6,1,2,7],"tags":[7174],"class_list":["post-18891","post","type-post","status-publish","format-standard","has-post-thumbnail","hentry","category-cultura-entretenimiento","category-diario-armstrong","category-locales","category-politica","tag-licitacion-para-la-reestructura-del-establecimiento-que-recepcionara-a-los-alumnos-de-la-escuela-tecnica"],"jetpack_publicize_connections":[],"jetpack_featured_media_url":"https:\/\/armstrongyregion.com.ar\/diario\/wp-content\/uploads\/2018\/10\/Escuela-tecnica.jpg","jetpack_shortlink":"https:\/\/wp.me\/p62QDO-4UH","jetpack_sharing_enabled":true,"amp_enabled":true,"_links":{"self":[{"href":"https:\/\/armstrongyregion.com.ar\/diario\/wp-json\/wp\/v2\/posts\/18891","targetHints":{"allow":["GET"]}}],"collection":[{"href":"https:\/\/armstrongyregion.com.ar\/diario\/wp-json\/wp\/v2\/posts"}],"about":[{"href":"https:\/\/armstrongyregion.com.ar\/diario\/wp-json\/wp\/v2\/types\/post"}],"author":[{"embeddable":true,"href":"https:\/\/armstrongyregion.com.ar\/diario\/wp-json\/wp\/v2\/users\/1"}],"replies":[{"embeddable":true,"href":"https:\/\/armstrongyregion.com.ar\/diario\/wp-json\/wp\/v2\/comments?post=18891"}],"version-history":[{"count":0,"href":"https:\/\/armstrongyregion.com.ar\/diario\/wp-json\/wp\/v2\/posts\/18891\/revisions"}],"wp:featuredmedia":[{"embeddable":true,"href":"https:\/\/armstrongyregion.com.ar\/diario\/wp-json\/wp\/v2\/media\/18892"}],"wp:attachment":[{"href":"https:\/\/armstrongyregion.com.ar\/diario\/wp-json\/wp\/v2\/media?parent=18891"}],"wp:term":[{"taxonomy":"category","embeddable":true,"href":"https:\/\/armstrongyregion.com.ar\/diario\/wp-json\/wp\/v2\/categories?post=18891"},{"taxonomy":"post_tag","embeddable":true,"href":"https:\/\/armstrongyregion.com.ar\/diario\/wp-json\/wp\/v2\/tags?post=18891"}],"curies":[{"name":"wp","href":"https:\/\/api.w.org\/{rel}","templated":true}]}}