{"id":18883,"date":"2018-10-03T16:39:19","date_gmt":"2018-10-03T16:39:19","guid":{"rendered":"https:\/\/armstrongyregion.com.ar\/diario\/?p=18883"},"modified":"2018-10-03T16:39:19","modified_gmt":"2018-10-03T16:39:19","slug":"armstrong-domingo-7-de-octubre-hay-feria","status":"publish","type":"post","link":"https:\/\/armstrongyregion.com.ar\/diario\/armstrong-domingo-7-de-octubre-hay-feria\/","title":{"rendered":"Armstrong. Domingo 7 de Octubre hay Feria."},"content":{"rendered":"<p><a href=\"http:\/\/armstrongyregion.com.ar\/diario\/wp-content\/uploads\/2018\/10\/feria-oct-2018.jpg\"><img loading=\"lazy\" decoding=\"async\" src=\"http:\/\/armstrongyregion.com.ar\/diario\/wp-content\/uploads\/2018\/10\/feria-oct-2018.jpg\" alt=\"feria oct 2018\" width=\"768\" height=\"543\" class=\"alignnone size-full wp-image-18884\" srcset=\"https:\/\/armstrongyregion.com.ar\/diario\/wp-content\/uploads\/2018\/10\/feria-oct-2018.jpg 768w, https:\/\/armstrongyregion.com.ar\/diario\/wp-content\/uploads\/2018\/10\/feria-oct-2018-300x212.jpg 300w\" sizes=\"auto, (max-width: 768px) 100vw, 768px\" \/><\/a>La Municipalidad de Armstrong invita a participar de la presentaci\u00f3n mensual de la Feria Sabores y Colores Locales que se realizar\u00e1 este domingo 7 de octubre desde las 16:30 hs. en el paseo artesanal del parque Bracito Fuerte.<\/p>\n<p>M\u00e1s de 40 emprendedores de la ciudad y la regi\u00f3n pondr\u00e1n a disposici\u00f3n del p\u00fablico sus variadas creaciones en un paseo recomendado para toda la familia y, teniendo en cuenta que se aproxima el d\u00eda de la Madre, es una muy buena oportunidad para elegir el regalo para ella.<br \/>\nComo siempre habr\u00e1 servicio de buffet, sorteos, mucha m\u00fasica y, en este caso, se contar\u00e1 con la participaci\u00f3n de alumnas de gimnasia deportiva de Club Barraca quienes brindar\u00e1n un colorido espect\u00e1culo.<br \/>\nSe suspende por lluvia.<\/p>\n","protected":false},"excerpt":{"rendered":"<p>La Municipalidad de Armstrong invita a participar de la presentaci\u00f3n mensual de la Feria Sabores y Colores Locales que se realizar\u00e1 este domingo 7 de octubre desde las 16:30 hs. en el paseo artesanal del parque Bracito Fuerte. M\u00e1s de 40 emprendedores de la ciudad y la regi\u00f3n pondr\u00e1n a disposici\u00f3n del p\u00fablico sus variadas <a href=\"https:\/\/armstrongyregion.com.ar\/diario\/armstrong-domingo-7-de-octubre-hay-feria\/\" title=\"Read more\" >&#8230;<\/a><\/p>\n","protected":false},"author":1,"featured_media":18884,"comment_status":"open","ping_status":"open","sticky":false,"template":"","format":"standard","meta":{"_jetpack_memberships_contains_paid_content":false,"footnotes":"","jetpack_publicize_message":"","jetpack_publicize_feature_enabled":true,"jetpack_social_post_already_shared":false,"jetpack_social_options":{"image_generator_settings":{"template":"highway","default_image_id":0,"enabled":false},"version":2}},"categories":[1,2,7,3],"tags":[7172],"class_list":["post-18883","post","type-post","status-publish","format-standard","has-post-thumbnail","hentry","category-diario-armstrong","category-locales","category-politica","category-region","tag-armstrong-domingo-7-de-octubre-hay-feria"],"jetpack_publicize_connections":[],"jetpack_featured_media_url":"https:\/\/armstrongyregion.com.ar\/diario\/wp-content\/uploads\/2018\/10\/feria-oct-2018.jpg","jetpack_shortlink":"https:\/\/wp.me\/p62QDO-4Uz","jetpack_sharing_enabled":true,"amp_enabled":true,"_links":{"self":[{"href":"https:\/\/armstrongyregion.com.ar\/diario\/wp-json\/wp\/v2\/posts\/18883","targetHints":{"allow":["GET"]}}],"collection":[{"href":"https:\/\/armstrongyregion.com.ar\/diario\/wp-json\/wp\/v2\/posts"}],"about":[{"href":"https:\/\/armstrongyregion.com.ar\/diario\/wp-json\/wp\/v2\/types\/post"}],"author":[{"embeddable":true,"href":"https:\/\/armstrongyregion.com.ar\/diario\/wp-json\/wp\/v2\/users\/1"}],"replies":[{"embeddable":true,"href":"https:\/\/armstrongyregion.com.ar\/diario\/wp-json\/wp\/v2\/comments?post=18883"}],"version-history":[{"count":0,"href":"https:\/\/armstrongyregion.com.ar\/diario\/wp-json\/wp\/v2\/posts\/18883\/revisions"}],"wp:featuredmedia":[{"embeddable":true,"href":"https:\/\/armstrongyregion.com.ar\/diario\/wp-json\/wp\/v2\/media\/18884"}],"wp:attachment":[{"href":"https:\/\/armstrongyregion.com.ar\/diario\/wp-json\/wp\/v2\/media?parent=18883"}],"wp:term":[{"taxonomy":"category","embeddable":true,"href":"https:\/\/armstrongyregion.com.ar\/diario\/wp-json\/wp\/v2\/categories?post=18883"},{"taxonomy":"post_tag","embeddable":true,"href":"https:\/\/armstrongyregion.com.ar\/diario\/wp-json\/wp\/v2\/tags?post=18883"}],"curies":[{"name":"wp","href":"https:\/\/api.w.org\/{rel}","templated":true}]}}