{"id":18877,"date":"2018-10-02T23:20:48","date_gmt":"2018-10-02T23:20:48","guid":{"rendered":"https:\/\/armstrongyregion.com.ar\/diario\/?p=18877"},"modified":"2018-10-02T23:25:50","modified_gmt":"2018-10-02T23:25:50","slug":"fue-un-asalto-que-no-termino-en-tragedia-por-casualidad","status":"publish","type":"post","link":"https:\/\/armstrongyregion.com.ar\/diario\/fue-un-asalto-que-no-termino-en-tragedia-por-casualidad\/","title":{"rendered":"\u00abFue un asalto, que no termin\u00f3 en tragedia por casualidad\u00bb."},"content":{"rendered":"<p><a href=\"http:\/\/armstrongyregion.com.ar\/diario\/wp-content\/uploads\/2018\/10\/robo-las-rosas.jpg\"><img loading=\"lazy\" decoding=\"async\" src=\"http:\/\/armstrongyregion.com.ar\/diario\/wp-content\/uploads\/2018\/10\/robo-las-rosas.jpg\" alt=\"robo-las-rosas\" width=\"630\" height=\"600\" class=\"alignnone size-full wp-image-18878\" srcset=\"https:\/\/armstrongyregion.com.ar\/diario\/wp-content\/uploads\/2018\/10\/robo-las-rosas.jpg 630w, https:\/\/armstrongyregion.com.ar\/diario\/wp-content\/uploads\/2018\/10\/robo-las-rosas-300x286.jpg 300w\" sizes=\"auto, (max-width: 630px) 100vw, 630px\" \/><\/a>As\u00ed lo expres\u00f3 Nicol\u00e1s Franicevich, ante el violento robo que sufri\u00f3 su familia este fin de semana en Las Rosas.<br \/>\n\u00abTomamos todas las medidas de seguridad necesarias y de todos modos nos sentimos inseguros. Al escuchar el informe policial no contaron la forma que irrumpieron, los asaltantes vieron que hab\u00eda gente en la casa y de todos modos no le import\u00f3. Esto no termin\u00f3 en tragedia porque Dios no quiso, cuando ingresaron mi pap\u00e1 corri\u00f3 a buscar la escopeta y por suerte no lleg\u00f3 porque no s\u00e9 qu\u00e9 hubiera pasado. Pero all\u00ed lo tiraron al piso y lo golpearon brutalmente, si nadie se ocupa de ir cortando esto va a seguir peor\u00bb, expres\u00f3 Nicol\u00e1s Franicevich, hijo de las v\u00edctimas.<br \/>\n<!--[if lt IE 9]><script>document.createElement('audio');<\/script><![endif]-->\n<audio class=\"wp-audio-shortcode\" id=\"audio-18877-1\" preload=\"none\" style=\"width: 100%;\" controls=\"controls\"><source type=\"audio\/mpeg\" src=\"http:\/\/armstrongyregion.com.ar\/diario\/wp-content\/uploads\/2018\/10\/Nicilas-Fravincevich.mp3?_=1\" \/><a href=\"http:\/\/armstrongyregion.com.ar\/diario\/wp-content\/uploads\/2018\/10\/Nicilas-Fravincevich.mp3\">http:\/\/armstrongyregion.com.ar\/diario\/wp-content\/uploads\/2018\/10\/Nicilas-Fravincevich.mp3<\/a><\/audio><br \/>\nNicol\u00e1s Franicevich,<\/p>\n<p>\u00abMi familia perdi\u00f3 la tranquilidad y vivir donde les gusta. Ahora lamentablemente estamos pensando en que se alejen del lugar donde residen\u00bb, continu\u00f3. \u00abLas autoridades gastan mucha energ\u00eda en relatar que no pueden hacer, en hablar de los l\u00edmites que le pone Fiscal\u00eda por ejemplo. Pero no hablan de lo que s\u00ed pueden hacer. Porque si esto no se corta, adonde se va a llegar; alguien alg\u00fan d\u00eda utilizar\u00e1 un arma.\u00bb<\/p>\n<p>\u00abYo no quiero pensar o decir que hay vinculaci\u00f3n de la polic\u00eda con estos hechos, porque no lo puedo probar. Pero lo que si puedo probar es la inacci\u00f3n que tienen. Y que en eso no tiene nada que ver la Fiscal\u00eda\u00bb, dijo. <\/p>\n<p>(Se recomienda escuchar el audio completo)<\/p>\n<p>Las Rosas Digital<\/p>\n","protected":false},"excerpt":{"rendered":"<p>As\u00ed lo expres\u00f3 Nicol\u00e1s Franicevich, ante el violento robo que sufri\u00f3 su familia este fin de semana en Las Rosas. \u00abTomamos todas las medidas de seguridad necesarias y de todos modos nos sentimos inseguros. Al escuchar el informe policial no contaron la forma que irrumpieron, los asaltantes vieron que hab\u00eda gente en la casa y <a href=\"https:\/\/armstrongyregion.com.ar\/diario\/fue-un-asalto-que-no-termino-en-tragedia-por-casualidad\/\" title=\"Read more\" >&#8230;<\/a><\/p>\n","protected":false},"author":1,"featured_media":18878,"comment_status":"open","ping_status":"open","sticky":false,"template":"","format":"standard","meta":{"_jetpack_memberships_contains_paid_content":false,"footnotes":"","jetpack_publicize_message":"","jetpack_publicize_feature_enabled":true,"jetpack_social_post_already_shared":false,"jetpack_social_options":{"image_generator_settings":{"template":"highway","default_image_id":0,"enabled":false},"version":2}},"categories":[8,1,2852,3],"tags":[7170,7171],"class_list":["post-18877","post","type-post","status-publish","format-standard","has-post-thumbnail","hentry","category-deliberando","category-diario-armstrong","category-policiales","category-region","tag-fue-un-asalto","tag-que-no-termino-en-tragedia-por-casualidad"],"jetpack_publicize_connections":[],"jetpack_featured_media_url":"https:\/\/armstrongyregion.com.ar\/diario\/wp-content\/uploads\/2018\/10\/robo-las-rosas.jpg","jetpack_shortlink":"https:\/\/wp.me\/p62QDO-4Ut","jetpack_sharing_enabled":true,"amp_enabled":true,"_links":{"self":[{"href":"https:\/\/armstrongyregion.com.ar\/diario\/wp-json\/wp\/v2\/posts\/18877","targetHints":{"allow":["GET"]}}],"collection":[{"href":"https:\/\/armstrongyregion.com.ar\/diario\/wp-json\/wp\/v2\/posts"}],"about":[{"href":"https:\/\/armstrongyregion.com.ar\/diario\/wp-json\/wp\/v2\/types\/post"}],"author":[{"embeddable":true,"href":"https:\/\/armstrongyregion.com.ar\/diario\/wp-json\/wp\/v2\/users\/1"}],"replies":[{"embeddable":true,"href":"https:\/\/armstrongyregion.com.ar\/diario\/wp-json\/wp\/v2\/comments?post=18877"}],"version-history":[{"count":0,"href":"https:\/\/armstrongyregion.com.ar\/diario\/wp-json\/wp\/v2\/posts\/18877\/revisions"}],"wp:featuredmedia":[{"embeddable":true,"href":"https:\/\/armstrongyregion.com.ar\/diario\/wp-json\/wp\/v2\/media\/18878"}],"wp:attachment":[{"href":"https:\/\/armstrongyregion.com.ar\/diario\/wp-json\/wp\/v2\/media?parent=18877"}],"wp:term":[{"taxonomy":"category","embeddable":true,"href":"https:\/\/armstrongyregion.com.ar\/diario\/wp-json\/wp\/v2\/categories?post=18877"},{"taxonomy":"post_tag","embeddable":true,"href":"https:\/\/armstrongyregion.com.ar\/diario\/wp-json\/wp\/v2\/tags?post=18877"}],"curies":[{"name":"wp","href":"https:\/\/api.w.org\/{rel}","templated":true}]}}