{"id":18868,"date":"2018-10-01T23:01:55","date_gmt":"2018-10-01T23:01:55","guid":{"rendered":"https:\/\/armstrongyregion.com.ar\/diario\/?p=18868"},"modified":"2018-10-01T23:01:55","modified_gmt":"2018-10-01T23:01:55","slug":"quieren-cambiar-la-ley-de-derechos-de-formacion-deportiva-para-modificar-totalmente-su-espiritu","status":"publish","type":"post","link":"https:\/\/armstrongyregion.com.ar\/diario\/quieren-cambiar-la-ley-de-derechos-de-formacion-deportiva-para-modificar-totalmente-su-espiritu\/","title":{"rendered":"\u201cQuieren cambiar la ley de derechos de formaci\u00f3n deportiva para modificar totalmente su esp\u00edritu\u00bb."},"content":{"rendered":"<p><a href=\"http:\/\/armstrongyregion.com.ar\/diario\/wp-content\/uploads\/2018\/10\/Giaccone-Ley-Depo.jpg\"><img loading=\"lazy\" decoding=\"async\" src=\"http:\/\/armstrongyregion.com.ar\/diario\/wp-content\/uploads\/2018\/10\/Giaccone-Ley-Depo.jpg\" alt=\"Giaccone-Ley-Depo\" width=\"768\" height=\"481\" class=\"alignnone size-full wp-image-18869\" srcset=\"https:\/\/armstrongyregion.com.ar\/diario\/wp-content\/uploads\/2018\/10\/Giaccone-Ley-Depo.jpg 768w, https:\/\/armstrongyregion.com.ar\/diario\/wp-content\/uploads\/2018\/10\/Giaccone-Ley-Depo-300x188.jpg 300w\" sizes=\"auto, (max-width: 768px) 100vw, 768px\" \/><\/a>As\u00ed se expres\u00f3 la diputada provincial Claudia Giaccone en conferencia de prensa sobre la Ley Derechos de Formaci\u00f3n Deportiva y los intentos que existen de modificar negativamente sus art\u00edculos.<br \/>\n El mi\u00e9rcoles 26 de septiembre, en instalaciones del Uni\u00f3n Futbol Club -de Totoras- y junto a su presidente Carlos Palma, la diputada provincial Claudia Giaccone brind\u00f3 una conferencia de prensa sobre los alcances de la Ley 27211 Derechos de Formaci\u00f3n Deportiva, la trascendencia de los fallos judiciales favorables a su aplicaci\u00f3n y los intentos que existen de modificar negativamente sus art\u00edculos.<\/p>\n<p>Ante un auditorio integrado por medios de prensa de la regi\u00f3n, integrantes de la comisi\u00f3n directiva, y otros dirigentes de distintos clubes de la Liga Totorense de Futbol, la diputada resumi\u00f3 aspectos conocidos de la ley como son los conceptos que hacen a considerar un club como formador, los montos que deben percibir, cuando y como, la edad que se considera al deportista en formaci\u00f3n, y otras cuestiones.<\/p>\n<p>\u201cLa ley lleva ya m\u00e1s de dos a\u00f1os desde su aprobaci\u00f3n, que fue un hecho hist\u00f3rico porque con ella se valoriza el trabajo que hacen los clubes de interior y los de barrios, que son cantera de deportistas en base al esfuerzo de padres, allegados, directivos\u201d, expres\u00f3 Giaccone. \u201cPero durante todo este tiempo su existencia fue primero ocultada por los grandes clubes y los medios de prensa nacionales; y luego, cuando salimos a difundirla pueblo por pueblo, fue negada en su aplicabilidad, tach\u00e1ndola incluso de inconstitucional\u201d.<\/p>\n<p>totoras conferencia Derechos Formaci\u00f3n\u201cAhora hay dos fallos judiciales contundentes, uno de ellos logrados por este club donde estamos presentes. Y aparecen entonces cuestionamientos de la Super Liga, que se presentan ante el Congreso Nacional con propuestas de reformas que nosotros estamos convencidos que quitan sentido a la ley. Como ser por ejemplo elevar a 12 a\u00f1os la edad donde comienza la formaci\u00f3n, cuando todos los que ac\u00e1 est\u00e1n saben que a esa edad ya los juveniles han sido incorporados por los grandes clubes, o la cuesti\u00f3n de la competencia judicial para litigar, obligando a hacerlo en Ciudad de Buenos Aires\u201d, continu\u00f3 la legisladora.<\/p>\n<p>\u201cAnte ese hecho el diputado Scioli, que preside la Comisi\u00f3n de Deportes de la C\u00e1mara de Diputados de la Naci\u00f3n nos convoc\u00f3, y junto al equipo t\u00e9cnico que me acompa\u00f1a concurrimos para explicar detalladamente la ley. Le dejamos toda la documentaci\u00f3n que fundamenta nuestros argumentos, los antecedentes, los fallos de los jueces\u201d, continu\u00f3 la diputada. \u201cY nos invit\u00f3 para este 2 de octubre a una reuni\u00f3n plenaria de esa comisi\u00f3n, donde tambi\u00e9n estar\u00e1n los representantes de Super Liga. Este es un encuentro debemos visibilizar, hacerlo conocer, ya que todos los que estamos interesados tenemos que ser conscientes que pretenden incorporar cambios con la intenci\u00f3n de quitarle todo sentido\u201d, resalta Giaccone.<\/p>\n<p>\u201cSe corre el riesgo de perder la ley o al menos su esp\u00edritu, y en ese caso puedo asegurarles que nunca m\u00e1s se tendr\u00e1 una legislaci\u00f3n como esta. Nosotros el martes seremos precisos y firmes en contestar los cuestionamientos porque los legisladores deben tener claro lo que se pondr\u00e1 a votaci\u00f3n. Pero se precisa adem\u00e1s el acompa\u00f1amiento de todos los clubes y ligas del interior, haciendo llegar a los diputados sus experiencias y la defensa de sus intereses. Es una tarea entre todos, hablando con los legisladores nacionales de nuestra provincia, mostr\u00e1ndoles lo que pasa en cada localidad o barrio, donde los clubes hacen una tarea de formaci\u00f3n deportiva pero adem\u00e1s de inclusi\u00f3n y contenci\u00f3n social, con enorme esfuerzo y voluntad; pidi\u00e9ndoles que por favor no la cambien\u201d, dice.<\/p>\n<p>\u201cDecimos que es una ley vigente que hay que cumplir, sobre la cual ya la Justicia ha dictaminado que es leg\u00edtima, aplicable y constitucional. No estamos en contra de nadie, porque sirve a todos los clubes, cualquier sea su tama\u00f1o. Insistimos que es un derecho que hay que poner en pr\u00e1ctica naturalmente sin necesidad de litigar. Y tenemos que defenderlo\u201d, manifest\u00f3.<\/p>\n<p>Al cerrar la diputada Giaccone felicit\u00f3 e hizo un p\u00fablico reconocimiento a la valent\u00eda y el esfuerzo de Uni\u00f3n Futbol Club, que logr\u00f3 uno de los fallos judiciales que llev\u00f3 a nivel nacional el conocimiento de la existencia de estos derechos. \u201cGracias a ello podemos estar hablando todos de esto, pero debemos estar atentos para no perder esta oportunidad\u201d, concluy\u00f3.<\/p>\n","protected":false},"excerpt":{"rendered":"<p>As\u00ed se expres\u00f3 la diputada provincial Claudia Giaccone en conferencia de prensa sobre la Ley Derechos de Formaci\u00f3n Deportiva y los intentos que existen de modificar negativamente sus art\u00edculos. El mi\u00e9rcoles 26 de septiembre, en instalaciones del Uni\u00f3n Futbol Club -de Totoras- y junto a su presidente Carlos Palma, la diputada provincial Claudia Giaccone brind\u00f3 <a href=\"https:\/\/armstrongyregion.com.ar\/diario\/quieren-cambiar-la-ley-de-derechos-de-formacion-deportiva-para-modificar-totalmente-su-espiritu\/\" title=\"Read more\" >&#8230;<\/a><\/p>\n","protected":false},"author":1,"featured_media":18869,"comment_status":"open","ping_status":"open","sticky":false,"template":"","format":"standard","meta":{"_jetpack_memberships_contains_paid_content":false,"footnotes":"","jetpack_publicize_message":"","jetpack_publicize_feature_enabled":true,"jetpack_social_post_already_shared":false,"jetpack_social_options":{"image_generator_settings":{"template":"highway","default_image_id":0,"enabled":false},"version":2}},"categories":[8,5,1,7,3],"tags":[19,5036,527,1019,4031],"class_list":["post-18868","post","type-post","status-publish","format-standard","has-post-thumbnail","hentry","category-deliberando","category-deportes","category-diario-armstrong","category-politica","category-region","tag-de","tag-deportiva","tag-formacion","tag-giaccone","tag-ley"],"jetpack_publicize_connections":[],"jetpack_featured_media_url":"https:\/\/armstrongyregion.com.ar\/diario\/wp-content\/uploads\/2018\/10\/Giaccone-Ley-Depo.jpg","jetpack_shortlink":"https:\/\/wp.me\/p62QDO-4Uk","jetpack_sharing_enabled":true,"amp_enabled":true,"_links":{"self":[{"href":"https:\/\/armstrongyregion.com.ar\/diario\/wp-json\/wp\/v2\/posts\/18868","targetHints":{"allow":["GET"]}}],"collection":[{"href":"https:\/\/armstrongyregion.com.ar\/diario\/wp-json\/wp\/v2\/posts"}],"about":[{"href":"https:\/\/armstrongyregion.com.ar\/diario\/wp-json\/wp\/v2\/types\/post"}],"author":[{"embeddable":true,"href":"https:\/\/armstrongyregion.com.ar\/diario\/wp-json\/wp\/v2\/users\/1"}],"replies":[{"embeddable":true,"href":"https:\/\/armstrongyregion.com.ar\/diario\/wp-json\/wp\/v2\/comments?post=18868"}],"version-history":[{"count":0,"href":"https:\/\/armstrongyregion.com.ar\/diario\/wp-json\/wp\/v2\/posts\/18868\/revisions"}],"wp:featuredmedia":[{"embeddable":true,"href":"https:\/\/armstrongyregion.com.ar\/diario\/wp-json\/wp\/v2\/media\/18869"}],"wp:attachment":[{"href":"https:\/\/armstrongyregion.com.ar\/diario\/wp-json\/wp\/v2\/media?parent=18868"}],"wp:term":[{"taxonomy":"category","embeddable":true,"href":"https:\/\/armstrongyregion.com.ar\/diario\/wp-json\/wp\/v2\/categories?post=18868"},{"taxonomy":"post_tag","embeddable":true,"href":"https:\/\/armstrongyregion.com.ar\/diario\/wp-json\/wp\/v2\/tags?post=18868"}],"curies":[{"name":"wp","href":"https:\/\/api.w.org\/{rel}","templated":true}]}}