{"id":18856,"date":"2018-09-30T23:15:35","date_gmt":"2018-09-30T23:15:35","guid":{"rendered":"https:\/\/armstrongyregion.com.ar\/diario\/?p=18856"},"modified":"2018-09-30T23:24:06","modified_gmt":"2018-09-30T23:24:06","slug":"trastornos-alimenticios-bulimia-y-anorexia-por-maria-liz-ponzio","status":"publish","type":"post","link":"https:\/\/armstrongyregion.com.ar\/diario\/trastornos-alimenticios-bulimia-y-anorexia-por-maria-liz-ponzio\/","title":{"rendered":"Trastornos Alimenticios. Bulimia y Anorexia. Por Maria Lis Ponzio."},"content":{"rendered":"<p><a href=\"http:\/\/armstrongyregion.com.ar\/diario\/wp-content\/uploads\/2018\/09\/Lis-Ponzio-Nutri-.jpg\"><img loading=\"lazy\" decoding=\"async\" src=\"http:\/\/armstrongyregion.com.ar\/diario\/wp-content\/uploads\/2018\/09\/Lis-Ponzio-Nutri-.jpg\" alt=\"Lis-Ponzio-Nutri-\" width=\"768\" height=\"576\" class=\"alignnone size-full wp-image-18857\" srcset=\"https:\/\/armstrongyregion.com.ar\/diario\/wp-content\/uploads\/2018\/09\/Lis-Ponzio-Nutri-.jpg 768w, https:\/\/armstrongyregion.com.ar\/diario\/wp-content\/uploads\/2018\/09\/Lis-Ponzio-Nutri--300x225.jpg 300w\" sizes=\"auto, (max-width: 768px) 100vw, 768px\" \/><\/a>Detectar la bulimia y anorexia a tiempo<br \/>\nAmbos trastornos alimentarios suelen tardar entre 6 meses y un a\u00f1o en ser identificados. Recomiendan acudir primero a un psic\u00f3logo o psiquiatra y nutricionista apenas aparecen los s\u00edntomas m\u00e1s leves.<br \/>\nTanto la anorexia como la bulimia son dos trastornos alimentarios que se est\u00e1n detectando en edades cada vez m\u00e1s tempranas, como en chicas de entre 11 y 12 a\u00f1os. Seg\u00fan la Asociaci\u00f3n de Lucha contra la Bulimia y la Anorexia (Aluba), ambas alteraciones, que son las m\u00e1s comunes de la conducta en el acto de comer, no tienen relaci\u00f3n directa con la comida sino que su ra\u00edz est\u00e1 en el miedo a vivir y a crecer. Las se\u00f1ales m\u00e1s claras de estas enfermedades se descubren a trav\u00e9s del rechazo a mantener el peso corporal por edad y talla lo que ocasiona una p\u00e9rdida importante de peso.<\/p>\n<p>En la aparici\u00f3n de los trastornos alimentarios juegan un papel importante diversos factores como, por ejemplo, los gen\u00e9ticos y familiares. No obstante, es el entorno social y educacional el que m\u00e1s predispone a los adolescentes a sufrir estas enfermedades. Expres\u00f3 la Lic. en Nutrici\u00f3n Mar\u00eda Lis Ponzio.<\/p>\n<p>Secuelas evidentes<\/p>\n<p>Los problemas que ocasionan estos trastornos tienen tambi\u00e9n sus consecuencias durante la edad adulta como, por ejemplo, alteraciones del ritmo cardiaco, hep\u00e1ticas, cut\u00e1neas, osteoporosis o problemas psicol\u00f3gicos. No obstante, estos efectos secundarios se pueden mitigar.<\/p>\n<p>Finalmente, Ponzio ha asegurado que en un 80 u 90% de los casos los enfermos se curan y pueden hacer una vida pr\u00e1cticamente normal. \u00abAunque la bulimia tiene ciertas caracter\u00edsticas personales que acompa\u00f1an al paciente durante toda su vida, se logra que aprenda que hay cosas que no se pueden hacer porque son nocivas para su salud. Con la anorexia la tasa de curaci\u00f3n tambi\u00e9n es alta, aunque cuando es cr\u00f3nica las secuelas son mucho m\u00e1s graves\u00bb, advierte.<br \/>\nFuente: Programa Televisivo Prevenci\u00f3n y Salud.<br \/>\nEstreno Lunes 1\u00b0 de Octubre, Reiteraci\u00f3n Jueves 20hs y S\u00e1bados 12,30hs.<br \/>\nLic. en Nutrici\u00f3n Mar\u00eda Lis Ponzio.<\/p>\n","protected":false},"excerpt":{"rendered":"<p>Detectar la bulimia y anorexia a tiempo Ambos trastornos alimentarios suelen tardar entre 6 meses y un a\u00f1o en ser identificados. Recomiendan acudir primero a un psic\u00f3logo o psiquiatra y nutricionista apenas aparecen los s\u00edntomas m\u00e1s leves. Tanto la anorexia como la bulimia son dos trastornos alimentarios que se est\u00e1n detectando en edades cada vez <a href=\"https:\/\/armstrongyregion.com.ar\/diario\/trastornos-alimenticios-bulimia-y-anorexia-por-maria-liz-ponzio\/\" title=\"Read more\" >&#8230;<\/a><\/p>\n","protected":false},"author":1,"featured_media":18857,"comment_status":"open","ping_status":"open","sticky":false,"template":"","format":"standard","meta":{"_jetpack_memberships_contains_paid_content":false,"footnotes":"","jetpack_publicize_message":"","jetpack_publicize_feature_enabled":true,"jetpack_social_post_already_shared":false,"jetpack_social_options":{"image_generator_settings":{"template":"highway","default_image_id":0,"enabled":false},"version":2}},"categories":[8,1,2,4,3],"tags":[7163],"class_list":["post-18856","post","type-post","status-publish","format-standard","has-post-thumbnail","hentry","category-deliberando","category-diario-armstrong","category-locales","category-prevencion-salud","category-region","tag-trastornos-alimenticios-bulimia-y-anorexia-por-maria-liz-ponzio"],"jetpack_publicize_connections":[],"jetpack_featured_media_url":"https:\/\/armstrongyregion.com.ar\/diario\/wp-content\/uploads\/2018\/09\/Lis-Ponzio-Nutri-.jpg","jetpack_shortlink":"https:\/\/wp.me\/p62QDO-4U8","jetpack_sharing_enabled":true,"amp_enabled":true,"_links":{"self":[{"href":"https:\/\/armstrongyregion.com.ar\/diario\/wp-json\/wp\/v2\/posts\/18856","targetHints":{"allow":["GET"]}}],"collection":[{"href":"https:\/\/armstrongyregion.com.ar\/diario\/wp-json\/wp\/v2\/posts"}],"about":[{"href":"https:\/\/armstrongyregion.com.ar\/diario\/wp-json\/wp\/v2\/types\/post"}],"author":[{"embeddable":true,"href":"https:\/\/armstrongyregion.com.ar\/diario\/wp-json\/wp\/v2\/users\/1"}],"replies":[{"embeddable":true,"href":"https:\/\/armstrongyregion.com.ar\/diario\/wp-json\/wp\/v2\/comments?post=18856"}],"version-history":[{"count":0,"href":"https:\/\/armstrongyregion.com.ar\/diario\/wp-json\/wp\/v2\/posts\/18856\/revisions"}],"wp:featuredmedia":[{"embeddable":true,"href":"https:\/\/armstrongyregion.com.ar\/diario\/wp-json\/wp\/v2\/media\/18857"}],"wp:attachment":[{"href":"https:\/\/armstrongyregion.com.ar\/diario\/wp-json\/wp\/v2\/media?parent=18856"}],"wp:term":[{"taxonomy":"category","embeddable":true,"href":"https:\/\/armstrongyregion.com.ar\/diario\/wp-json\/wp\/v2\/categories?post=18856"},{"taxonomy":"post_tag","embeddable":true,"href":"https:\/\/armstrongyregion.com.ar\/diario\/wp-json\/wp\/v2\/tags?post=18856"}],"curies":[{"name":"wp","href":"https:\/\/api.w.org\/{rel}","templated":true}]}}