{"id":18849,"date":"2018-09-30T01:49:23","date_gmt":"2018-09-30T01:49:23","guid":{"rendered":"https:\/\/armstrongyregion.com.ar\/diario\/?p=18849"},"modified":"2018-09-30T01:49:23","modified_gmt":"2018-09-30T01:49:23","slug":"piden-urgente-por-la-reparacion-de-la-ruta-9","status":"publish","type":"post","link":"https:\/\/armstrongyregion.com.ar\/diario\/piden-urgente-por-la-reparacion-de-la-ruta-9\/","title":{"rendered":"Piden urgente por la reparaci\u00f3n de la Ruta 9."},"content":{"rendered":"<p><a href=\"http:\/\/armstrongyregion.com.ar\/diario\/wp-content\/uploads\/2018\/09\/Ruta-9-Clerici-.png\"><img loading=\"lazy\" decoding=\"async\" src=\"http:\/\/armstrongyregion.com.ar\/diario\/wp-content\/uploads\/2018\/09\/Ruta-9-Clerici-.png\" alt=\"Ruta-9-Clerici-\" width=\"768\" height=\"462\" class=\"alignnone size-full wp-image-18850\" srcset=\"https:\/\/armstrongyregion.com.ar\/diario\/wp-content\/uploads\/2018\/09\/Ruta-9-Clerici-.png 768w, https:\/\/armstrongyregion.com.ar\/diario\/wp-content\/uploads\/2018\/09\/Ruta-9-Clerici--300x180.png 300w\" sizes=\"auto, (max-width: 768px) 100vw, 768px\" \/><\/a>La intendenta de la vecina localidad de Ca\u00f1ada de G\u00f3mez, Stella Cl\u00e9rici, particip\u00f3 junto a otros pares de una mesa de di\u00e1logo con legisladores nacionales de todos los partidos que representan a Santa Fe. \u00c9se fue uno de los pedidos m\u00e1s resonantes.<br \/>\nJunto a otros intendentes de Santa Fe, Cl\u00e9rici particip\u00f3 de un encuentro con diputados y senadores nacionales que representan a Santa Fe con el objetivo de \u201cdefender los recursos que todos los d\u00edas aporta nuestra gente y que deben volver en obras\u201d. <\/p>\n<p>En concreto, la mandataria remarc\u00f3 ante legisladores de todos los espacios pol\u00edticos la necesidad urgente de reconstrucci\u00f3n de la ruta 9, medidas tendientes a un sistema equilibrado y sustentable en el tiempo para la caja de jubilaci\u00f3n municipal y mayores recursos para los municipios, entre otros temas de gran importancia regional.<\/p>\n<p>Estuvieron presentes los jefes comunales Stella Clerici (Ca\u00f1ada de G\u00f3mez), Luis Castellano (Rafaela), Daniela Questa (Santo Tom\u00e9), Gonzalo Toselli (Sunchales), Alberto Ricci (Villa Gobernador G\u00e1lvez), Enrique Vallejos (Reconquista), Jorge Berti (Villa Constituci\u00f3n) y Silvio Gonz\u00e1lez (Rinc\u00f3n). Mientras que algunos de los legisladores que participaron son: Omar Perotti (PJ), Alejandro Grandinetti (Frente Renovador), Luis Contigiani (FPCyS), Gonzalo Del Cerro (Cambiemos) y Silvina Frana (PJ).<\/p>\n<p>Fuente: www.diariovision.com.ar<\/p>\n","protected":false},"excerpt":{"rendered":"<p>La intendenta de la vecina localidad de Ca\u00f1ada de G\u00f3mez, Stella Cl\u00e9rici, particip\u00f3 junto a otros pares de una mesa de di\u00e1logo con legisladores nacionales de todos los partidos que representan a Santa Fe. \u00c9se fue uno de los pedidos m\u00e1s resonantes. Junto a otros intendentes de Santa Fe, Cl\u00e9rici particip\u00f3 de un encuentro con <a href=\"https:\/\/armstrongyregion.com.ar\/diario\/piden-urgente-por-la-reparacion-de-la-ruta-9\/\" title=\"Read more\" >&#8230;<\/a><\/p>\n","protected":false},"author":1,"featured_media":18850,"comment_status":"open","ping_status":"open","sticky":false,"template":"","format":"standard","meta":{"_jetpack_memberships_contains_paid_content":false,"footnotes":"","jetpack_publicize_message":"","jetpack_publicize_feature_enabled":true,"jetpack_social_post_already_shared":false,"jetpack_social_options":{"image_generator_settings":{"template":"highway","default_image_id":0,"enabled":false},"version":2}},"categories":[8,1,7,3],"tags":[7160],"class_list":["post-18849","post","type-post","status-publish","format-standard","has-post-thumbnail","hentry","category-deliberando","category-diario-armstrong","category-politica","category-region","tag-piden-urgente-por-la-reparacion-de-la-ruta-9"],"jetpack_publicize_connections":[],"jetpack_featured_media_url":"https:\/\/armstrongyregion.com.ar\/diario\/wp-content\/uploads\/2018\/09\/Ruta-9-Clerici-.png","jetpack_shortlink":"https:\/\/wp.me\/p62QDO-4U1","jetpack_sharing_enabled":true,"amp_enabled":true,"_links":{"self":[{"href":"https:\/\/armstrongyregion.com.ar\/diario\/wp-json\/wp\/v2\/posts\/18849","targetHints":{"allow":["GET"]}}],"collection":[{"href":"https:\/\/armstrongyregion.com.ar\/diario\/wp-json\/wp\/v2\/posts"}],"about":[{"href":"https:\/\/armstrongyregion.com.ar\/diario\/wp-json\/wp\/v2\/types\/post"}],"author":[{"embeddable":true,"href":"https:\/\/armstrongyregion.com.ar\/diario\/wp-json\/wp\/v2\/users\/1"}],"replies":[{"embeddable":true,"href":"https:\/\/armstrongyregion.com.ar\/diario\/wp-json\/wp\/v2\/comments?post=18849"}],"version-history":[{"count":0,"href":"https:\/\/armstrongyregion.com.ar\/diario\/wp-json\/wp\/v2\/posts\/18849\/revisions"}],"wp:featuredmedia":[{"embeddable":true,"href":"https:\/\/armstrongyregion.com.ar\/diario\/wp-json\/wp\/v2\/media\/18850"}],"wp:attachment":[{"href":"https:\/\/armstrongyregion.com.ar\/diario\/wp-json\/wp\/v2\/media?parent=18849"}],"wp:term":[{"taxonomy":"category","embeddable":true,"href":"https:\/\/armstrongyregion.com.ar\/diario\/wp-json\/wp\/v2\/categories?post=18849"},{"taxonomy":"post_tag","embeddable":true,"href":"https:\/\/armstrongyregion.com.ar\/diario\/wp-json\/wp\/v2\/tags?post=18849"}],"curies":[{"name":"wp","href":"https:\/\/api.w.org\/{rel}","templated":true}]}}