{"id":18845,"date":"2018-09-30T01:05:18","date_gmt":"2018-09-30T01:05:18","guid":{"rendered":"https:\/\/armstrongyregion.com.ar\/diario\/?p=18845"},"modified":"2018-09-30T01:05:18","modified_gmt":"2018-09-30T01:05:18","slug":"cabalgata-huanqueros-primer-dia-por-fernando-butto","status":"publish","type":"post","link":"https:\/\/armstrongyregion.com.ar\/diario\/cabalgata-huanqueros-primer-dia-por-fernando-butto\/","title":{"rendered":"Cabalgata Huanqueros- Primer D\u00eda. Por Fernando Butto."},"content":{"rendered":"<p><a href=\"http:\/\/armstrongyregion.com.ar\/diario\/wp-content\/uploads\/2018\/09\/Huanqueros-.jpg\"><img loading=\"lazy\" decoding=\"async\" src=\"http:\/\/armstrongyregion.com.ar\/diario\/wp-content\/uploads\/2018\/09\/Huanqueros-.jpg\" alt=\"Huanqueros-\" width=\"768\" height=\"576\" class=\"alignnone size-full wp-image-18846\" srcset=\"https:\/\/armstrongyregion.com.ar\/diario\/wp-content\/uploads\/2018\/09\/Huanqueros-.jpg 768w, https:\/\/armstrongyregion.com.ar\/diario\/wp-content\/uploads\/2018\/09\/Huanqueros--300x225.jpg 300w\" sizes=\"auto, (max-width: 768px) 100vw, 768px\" \/><\/a>Desde mi humilde lugar y tal como me lo pidi\u00f3 mi amigo Armando Quir\u00f3z, intentar\u00e9 ir escribiendo de acuerdo a sus relatos lo que va sucediendo en esta cabalgata para que quede en la memoria y no se pierda con el tiempo\u2026<br \/>\nArmando en el a\u00f1o 1989, se vino de Huanqueros eligiendo entre el amor a su yegua que el padre le hab\u00eda regalado y all\u00ed quedaba, y el amor a su madre que se ven\u00eda a vivir a Las Rosas\u2026 Siempre quiso ir a buscar su animal, pero diferentes motivos de la vida lo fueron impidiendo. En el a\u00f1o 2003 su pap\u00e1 fallece y \u00e9l prometi\u00f3 en su memoria, ir un d\u00eda montado en sus propios caballos desde Las Rosas a Huanqueros\u2026 los caminos de la vida lo fueron postergando hasta que en el a\u00f1o 2017 se decidi\u00f3 a hacerlo\u2026 justo tuvo la desgracia que su madre fallece ese a\u00f1o y no pudo hacerla\u2026 Este a\u00f1o, se lo propuso y se sumaron en su compa\u00f1\u00eda dos amigos: Pablo Pranzetti y Maximiliano Agatti\u2026 tambi\u00e9n su hijo de 5 a\u00f1os Ferm\u00edn, y leyeron bien Ferm\u00edn de 5 a\u00f1os\u2026 \u00bfsaben lo que es eso para un padre? \u00bfque un ni\u00f1o tan peque\u00f1o quiera hacer m\u00e1s de 600km junto a su padre para cumplir la promesa que le hizo a su abuelo? Eso si que no tiene precio y no hay dinero que lo compre\u2026<br \/>\nAs\u00ed es que el 27 de Septiembre de 2018 (d\u00eda que cumplir\u00eda a\u00f1os Do\u00f1a Tita, mam\u00e1 de Armando) a las 4 de la ma\u00f1ana Maximiliano Agatti lo pas\u00f3 a buscar por su casa y lo dej\u00f3 en lo de Jorge Fontana d\u00f3nde tiene sus caballos para ensillar&#8230; lleg\u00f3 Brian Bravo para ayudarle, y fue importante porque antes de salir se dio vuelta el carguero, (si ser\u00e1 tonto ese carguero!) y Brian lo pudo asistir. Tambi\u00e9n fue el Oreja Robledo a despedirlo y c\u00f3mo no, el horc\u00f3n del medio del rancho\u2026 \u00bfsaben lo que es el horc\u00f3n? El horc\u00f3n es un poste que est\u00e1n en el centro del rancho y es el que lo sostiene en pi\u00e9\u2026 bueno, este horc\u00f3n se llama Maria Forgia y es la esposa de Armado que junto a sus tres hijos: Francisco, Fermin y Felipe, fueron a despedirlo tambi\u00e9n a esa hora y Fermin ya se qued\u00f3 para empezar la cabalgata&#8230; Llegaron al Parque San Mart\u00edn d\u00f3nde los esperaba Maximiliano Agatti que ya estaba ensillado esper\u00e1ndolos, junto a su madre (Patricia Rodr\u00edguez), su hermana (Estefan\u00eda Agatti) y su sobrino (Juan Andr\u00e9s Peralta) que los despidieron. Costeando la Ruta 13 Gabriel Quir\u00f3z, hermano de Armando se acerca en moto para darle ese saludo de hermanos y desearle suerte porque iba a cumplir con la promesa que le hizo al viejo\u2026 antes de llegar a la curva Martha Ju\u00e1rez tambi\u00e9n sali\u00f3 de su casa para despedirlos\u2026<br \/>\nComo estaba previsto a las 2 horas llegaron al camino del l\u00edmite del departamento para encontrarse con el Sr. Pablo Pranzetti, pero como no estaba previsto, no estaba \u00bfQu\u00e9 pas\u00f3?&#8230; Por empezar a la ma\u00f1ana se durmi\u00f3\u2026 6:30 de la ma\u00f1ana como lo hab\u00edamos acordado, Fernando en la camioneta con el mate, los perros ladraban, y el Sr. Dorm\u00eda\u2026 \u00bfQu\u00e9 tal? Ya arrancamos chingueados\u2026 y como el \u00e1rbol cuando nace torcido es dif\u00edcil de enderezar fue un domin\u00f3 de percances\u2026 complet\u00e1ndola con una discusi\u00f3n que tuvo con su yegua, y la gateada de pocas pulgas le revole\u00f3 la ropa por toda la cuneta y le dijo \u00abcon vos as\u00ed no voy a ning\u00fan lado, minga que te llevo tus cosas\u00bb\u2026 Todo eso hizo que sus padres Eduardo y Olga y su hermana Luc\u00eda tengan que correr a ayudarlo a reacomodar todo y a mediar para que hagan las paces y pueda salir de cabalgata\u2026 Para no perder el tiempo, Maxi, Armando y Ferm\u00edn siguieron viaje. El Sr. Miguel Gareis que justo pasaba viajando les dej\u00f3 unas facturas y llegaron a la localidad de Los Cardos para hacer el primer cambio de caballos.<br \/>\nLlegando a El Trebol se incorpor\u00f3 Pablo, al fin!!!&#8230; Pasando esta localidad cambiaron caballos por segunda vez en estancia \u00abEl Destino\u00bb y ya continuaron hacia Pellegrini. En la cabalgata los acompa\u00f1a el hermoso y ensordecedor sonido de un cencerro, que no es cualquier cencerro, es el cencerro que pertenec\u00eda al padre de Armando y lo lleva en su yegua oscura para que vuelva a sonar y hacer vibrar la tierra Huanquerense que los espera.<br \/>\nA las 14:21 llegaron al primer destino y ya la gente del Centro Tradicionalista \u00abEl Lucero\u00bb los estaba esperando con una picada. Pablo y Maxi se acostaron a dormir una siesta y Ferm\u00edn quer\u00eda ir a charlar con ellos y subirse a sus espaldas para hacer que los jineteaba como a \u00e9l le gusta jugar con sus 5 a\u00f1os\u2026 Armando no lo dej\u00f3 para que los chicos descansen y lo invito a recostarse&#8230; Saben que siesta se durmi\u00f3 tambi\u00e9n \u00bfno?<br \/>\nPara la cena la gente de \u201cEl Lucero\u201d les prepar\u00f3 un pollo al disco y compartieron un momento espectacular lleno de atenciones&#8230; Los caballos llegaron muy bien, muy buen pasto y agua en el campo de Doma&#8230; Un agradecimiento enorme a los hermanos de \u201cEl Lucero\u201d y tambi\u00e9n a Norberto \u201cEl Toti\u201d Zabala, por prestarles su yegua motorizada, esa que no patea, sino que hay que patearla para que arranque\u2026 al diablo los caballos, salieron a hacer las compras en moto.<br \/>\nArmando expresa su gran alegr\u00eda y sorpresa por el video que le ha enviado el Sr. Orlando Veracruz cantando un pedacito de una canci\u00f3n que escribi\u00f3 para Roberto Gramaglia de Huanqueros (casualmente pariente de Armando), tambi\u00e9n se emocion\u00f3 con el mensaje que le envi\u00f3 su Jefe, como \u00e9l lo llama, el Sr. Germ\u00e1n Ilari, que dice lo siguiente: \u201cHombre de palabras, firme es sus convicciones generador de ense\u00f1anza y mensajes de ejemplo para sus hijos, conocedor de sus gustos por nuestros sentimientos gauchos y patriota ,hombre simple honesto y sencillo, bien entendedor de que la felicidad en esta vida no est\u00e1 detr\u00e1s de unos billetes sino en la retina de sus ojos ,los mismos que ven crecer a su familia feliz y unida ,Vas por una promesa Armando y volver\u00e1s con un mensaje y podr\u00e1s dar ese ejemplo a muchos , Que estas palabras acompa\u00f1en tu viaje Armando, mucha suerte y hasta tu regreso.\u201d Estos mensajes llenos de cari\u00f1o y apoyo junto a los de toda la gente que va siguiendo la p\u00e1gina de facebook y el grupo de Whatsapp de la Agrupaci\u00f3n Sentimiento Gaucho, son el motor para seguir adelante&#8230;<br \/>\nFernando Butto<\/p>\n","protected":false},"excerpt":{"rendered":"<p>Desde mi humilde lugar y tal como me lo pidi\u00f3 mi amigo Armando Quir\u00f3z, intentar\u00e9 ir escribiendo de acuerdo a sus relatos lo que va sucediendo en esta cabalgata para que quede en la memoria y no se pierda con el tiempo\u2026 Armando en el a\u00f1o 1989, se vino de Huanqueros eligiendo entre el amor <a href=\"https:\/\/armstrongyregion.com.ar\/diario\/cabalgata-huanqueros-primer-dia-por-fernando-butto\/\" title=\"Read more\" >&#8230;<\/a><\/p>\n","protected":false},"author":1,"featured_media":18846,"comment_status":"open","ping_status":"open","sticky":false,"template":"","format":"standard","meta":{"_jetpack_memberships_contains_paid_content":false,"footnotes":"","jetpack_publicize_message":"","jetpack_publicize_feature_enabled":true,"jetpack_social_post_already_shared":false,"jetpack_social_options":{"image_generator_settings":{"template":"highway","default_image_id":0,"enabled":false},"version":2}},"categories":[6,1,4],"tags":[7159],"class_list":["post-18845","post","type-post","status-publish","format-standard","has-post-thumbnail","hentry","category-cultura-entretenimiento","category-diario-armstrong","category-prevencion-salud","tag-cabalgata-huanqueros-primer-dia-por-fernando-butto"],"jetpack_publicize_connections":[],"jetpack_featured_media_url":"https:\/\/armstrongyregion.com.ar\/diario\/wp-content\/uploads\/2018\/09\/Huanqueros-.jpg","jetpack_shortlink":"https:\/\/wp.me\/p62QDO-4TX","jetpack_sharing_enabled":true,"amp_enabled":true,"_links":{"self":[{"href":"https:\/\/armstrongyregion.com.ar\/diario\/wp-json\/wp\/v2\/posts\/18845","targetHints":{"allow":["GET"]}}],"collection":[{"href":"https:\/\/armstrongyregion.com.ar\/diario\/wp-json\/wp\/v2\/posts"}],"about":[{"href":"https:\/\/armstrongyregion.com.ar\/diario\/wp-json\/wp\/v2\/types\/post"}],"author":[{"embeddable":true,"href":"https:\/\/armstrongyregion.com.ar\/diario\/wp-json\/wp\/v2\/users\/1"}],"replies":[{"embeddable":true,"href":"https:\/\/armstrongyregion.com.ar\/diario\/wp-json\/wp\/v2\/comments?post=18845"}],"version-history":[{"count":0,"href":"https:\/\/armstrongyregion.com.ar\/diario\/wp-json\/wp\/v2\/posts\/18845\/revisions"}],"wp:featuredmedia":[{"embeddable":true,"href":"https:\/\/armstrongyregion.com.ar\/diario\/wp-json\/wp\/v2\/media\/18846"}],"wp:attachment":[{"href":"https:\/\/armstrongyregion.com.ar\/diario\/wp-json\/wp\/v2\/media?parent=18845"}],"wp:term":[{"taxonomy":"category","embeddable":true,"href":"https:\/\/armstrongyregion.com.ar\/diario\/wp-json\/wp\/v2\/categories?post=18845"},{"taxonomy":"post_tag","embeddable":true,"href":"https:\/\/armstrongyregion.com.ar\/diario\/wp-json\/wp\/v2\/tags?post=18845"}],"curies":[{"name":"wp","href":"https:\/\/api.w.org\/{rel}","templated":true}]}}