{"id":18815,"date":"2018-09-26T11:01:40","date_gmt":"2018-09-26T11:01:40","guid":{"rendered":"https:\/\/armstrongyregion.com.ar\/diario\/?p=18815"},"modified":"2018-09-26T11:01:40","modified_gmt":"2018-09-26T11:01:40","slug":"armstrong-proyecto-de-movilidad-youth-successors","status":"publish","type":"post","link":"https:\/\/armstrongyregion.com.ar\/diario\/armstrong-proyecto-de-movilidad-youth-successors\/","title":{"rendered":"Armstrong. Proyecto de Movilidad \u201cYouth Successors\u201d."},"content":{"rendered":"<p><a href=\"http:\/\/armstrongyregion.com.ar\/diario\/wp-content\/uploads\/2018\/09\/Erasmus-1-.jpg\"><img loading=\"lazy\" decoding=\"async\" src=\"http:\/\/armstrongyregion.com.ar\/diario\/wp-content\/uploads\/2018\/09\/Erasmus-1-.jpg\" alt=\"Erasmus-1-\" width=\"768\" height=\"576\" class=\"alignnone size-full wp-image-18816\" srcset=\"https:\/\/armstrongyregion.com.ar\/diario\/wp-content\/uploads\/2018\/09\/Erasmus-1-.jpg 768w, https:\/\/armstrongyregion.com.ar\/diario\/wp-content\/uploads\/2018\/09\/Erasmus-1--300x225.jpg 300w\" sizes=\"auto, (max-width: 768px) 100vw, 768px\" \/><\/a>Los diez j\u00f3venes de Armstrong en su mayor\u00eda y Ca\u00f1ada de G\u00f3mez, que llegaron a Italia el pasado s\u00e1bado por la ma\u00f1ana, en el marco del proyecto \u201cJ\u00f3venes exitosos \u2013 construcci\u00f3n de Capacidades para la Promoci\u00f3n del Patrimonio Cultural y Territorial\u201d, financiado por Erasmus + KA2 <a href=\"http:\/\/armstrongyregion.com.ar\/diario\/wp-content\/uploads\/2018\/09\/Erasmus-2-.jpg\"><img loading=\"lazy\" decoding=\"async\" src=\"http:\/\/armstrongyregion.com.ar\/diario\/wp-content\/uploads\/2018\/09\/Erasmus-2-.jpg\" alt=\"Erasmus-2-\" width=\"768\" height=\"576\" class=\"alignnone size-full wp-image-18817\" srcset=\"https:\/\/armstrongyregion.com.ar\/diario\/wp-content\/uploads\/2018\/09\/Erasmus-2-.jpg 768w, https:\/\/armstrongyregion.com.ar\/diario\/wp-content\/uploads\/2018\/09\/Erasmus-2--300x225.jpg 300w\" sizes=\"auto, (max-width: 768px) 100vw, 768px\" \/><\/a>Desarrollo de Capacidades para la Juventud y donde el municipio local es parte\/socio;  ya est\u00e1n participando de las actividades propuestas, como tambi\u00e9n est\u00e1n aprovechando para recorrer las calles de Roma y N\u00e1poles.<\/p>\n","protected":false},"excerpt":{"rendered":"<p>Los diez j\u00f3venes de Armstrong en su mayor\u00eda y Ca\u00f1ada de G\u00f3mez, que llegaron a Italia el pasado s\u00e1bado por la ma\u00f1ana, en el marco del proyecto \u201cJ\u00f3venes exitosos \u2013 construcci\u00f3n de Capacidades para la Promoci\u00f3n del Patrimonio Cultural y Territorial\u201d, financiado por Erasmus + KA2 Desarrollo de Capacidades para la Juventud y donde el <a href=\"https:\/\/armstrongyregion.com.ar\/diario\/armstrong-proyecto-de-movilidad-youth-successors\/\" title=\"Read more\" >&#8230;<\/a><\/p>\n","protected":false},"author":1,"featured_media":18816,"comment_status":"open","ping_status":"open","sticky":false,"template":"","format":"standard","meta":{"_jetpack_memberships_contains_paid_content":false,"footnotes":"","jetpack_publicize_message":"","jetpack_publicize_feature_enabled":true,"jetpack_social_post_already_shared":false,"jetpack_social_options":{"image_generator_settings":{"template":"highway","default_image_id":0,"enabled":false},"version":2}},"categories":[6,8,1,2,3],"tags":[7151],"class_list":["post-18815","post","type-post","status-publish","format-standard","has-post-thumbnail","hentry","category-cultura-entretenimiento","category-deliberando","category-diario-armstrong","category-locales","category-region","tag-armstrong-proyecto-de-movilidad-youth-successors"],"jetpack_publicize_connections":[],"jetpack_featured_media_url":"https:\/\/armstrongyregion.com.ar\/diario\/wp-content\/uploads\/2018\/09\/Erasmus-1-.jpg","jetpack_shortlink":"https:\/\/wp.me\/p62QDO-4Tt","jetpack_sharing_enabled":true,"amp_enabled":true,"_links":{"self":[{"href":"https:\/\/armstrongyregion.com.ar\/diario\/wp-json\/wp\/v2\/posts\/18815","targetHints":{"allow":["GET"]}}],"collection":[{"href":"https:\/\/armstrongyregion.com.ar\/diario\/wp-json\/wp\/v2\/posts"}],"about":[{"href":"https:\/\/armstrongyregion.com.ar\/diario\/wp-json\/wp\/v2\/types\/post"}],"author":[{"embeddable":true,"href":"https:\/\/armstrongyregion.com.ar\/diario\/wp-json\/wp\/v2\/users\/1"}],"replies":[{"embeddable":true,"href":"https:\/\/armstrongyregion.com.ar\/diario\/wp-json\/wp\/v2\/comments?post=18815"}],"version-history":[{"count":0,"href":"https:\/\/armstrongyregion.com.ar\/diario\/wp-json\/wp\/v2\/posts\/18815\/revisions"}],"wp:featuredmedia":[{"embeddable":true,"href":"https:\/\/armstrongyregion.com.ar\/diario\/wp-json\/wp\/v2\/media\/18816"}],"wp:attachment":[{"href":"https:\/\/armstrongyregion.com.ar\/diario\/wp-json\/wp\/v2\/media?parent=18815"}],"wp:term":[{"taxonomy":"category","embeddable":true,"href":"https:\/\/armstrongyregion.com.ar\/diario\/wp-json\/wp\/v2\/categories?post=18815"},{"taxonomy":"post_tag","embeddable":true,"href":"https:\/\/armstrongyregion.com.ar\/diario\/wp-json\/wp\/v2\/tags?post=18815"}],"curies":[{"name":"wp","href":"https:\/\/api.w.org\/{rel}","templated":true}]}}