{"id":18775,"date":"2018-09-22T21:40:27","date_gmt":"2018-09-22T21:40:27","guid":{"rendered":"https:\/\/armstrongyregion.com.ar\/diario\/?p=18775"},"modified":"2018-09-22T21:40:27","modified_gmt":"2018-09-22T21:40:27","slug":"correa-se-presentaron-los-caminos-del-acordeon-2","status":"publish","type":"post","link":"https:\/\/armstrongyregion.com.ar\/diario\/correa-se-presentaron-los-caminos-del-acordeon-2\/","title":{"rendered":"Correa. Se presentaron \u00abLos Caminos del Acorde\u00f3n 2\u00bb."},"content":{"rendered":"<p><a href=\"http:\/\/armstrongyregion.com.ar\/diario\/wp-content\/uploads\/2018\/09\/Sisiani-Giaccone-.jpg\"><img loading=\"lazy\" decoding=\"async\" src=\"http:\/\/armstrongyregion.com.ar\/diario\/wp-content\/uploads\/2018\/09\/Sisiani-Giaccone-.jpg\" alt=\"Sisiani-Giaccone-\" width=\"768\" height=\"576\" class=\"alignnone size-full wp-image-18776\" srcset=\"https:\/\/armstrongyregion.com.ar\/diario\/wp-content\/uploads\/2018\/09\/Sisiani-Giaccone-.jpg 768w, https:\/\/armstrongyregion.com.ar\/diario\/wp-content\/uploads\/2018\/09\/Sisiani-Giaccone--300x225.jpg 300w\" sizes=\"auto, (max-width: 768px) 100vw, 768px\" \/><\/a>El viernes 21, en la sede de la Biblioteca Popular Correa, a trav\u00e9s de la organizaci\u00f3n de Pe\u00f1a \u00abEl Amanecer\u00bb, se pudo disfrutar del audiovisual producido por el Ente Cultural Santafesino y auspiciado por la Diputada Provincial Claudia Giaccone, que durante el mes de marzo de 2017 fue filmado en la regi\u00f3n y cuenta con la participaci\u00f3n de los m\u00fasicos locales H\u00e9ctor Benetti y del reconocido Chango Spasiuk.<\/p>\n<p><a href=\"http:\/\/armstrongyregion.com.ar\/diario\/wp-content\/uploads\/2018\/09\/sisiani-giaccone-2-.jpg\"><img loading=\"lazy\" decoding=\"async\" src=\"http:\/\/armstrongyregion.com.ar\/diario\/wp-content\/uploads\/2018\/09\/sisiani-giaccone-2-.jpg\" alt=\"sisiani-giaccone-2-\" width=\"768\" height=\"576\" class=\"alignnone size-full wp-image-18777\" srcset=\"https:\/\/armstrongyregion.com.ar\/diario\/wp-content\/uploads\/2018\/09\/sisiani-giaccone-2-.jpg 768w, https:\/\/armstrongyregion.com.ar\/diario\/wp-content\/uploads\/2018\/09\/sisiani-giaccone-2--300x225.jpg 300w\" sizes=\"auto, (max-width: 768px) 100vw, 768px\" \/><\/a>La noche cont\u00f3 con la presencia del la Presidente de Pe\u00f1a \u00abEl Amanecer\u00bb Horacio Tamantini, Presidente de la Biblioteca Popular Vanesa Nardone, la Diputada provincial Claudia Giaccone, integrantes de ambas entidades culturales locales y vecinos de la comunidad<\/p>\n<p>\u201cLos Caminos del Acorde\u00f3n 2\u201d, forman parte de una nueva etapa dentro del rescate y el registro de nuestros exponentes art\u00edsticos y culturales de las regiones centro-sur de Santa Fe, siempre con el prop\u00f3sito de seguir uniendo desde el acorde\u00f3n a las distintas realidades de nuestro \u201csentir\u201d provincial. <\/p>\n<p>Horacio Tamantini se dirigi\u00f3 a los presentes agradeciendo la presencia de todos; destacando la importancia de esta nueva propuesta que se lleva adelante desde la Pe\u00f1a en forma conjunta con el Ente Cultural Santafesino. \u00abAgradecerle a Claudia (Giaccone) por su permanente acompa\u00f1amiento y a la Biblioteca por abrir sus puertas\u00bb.<\/p>\n<p>La Diputada Giaccone resalt\u00f3 que el sentido de haber producido los audiovisuales \u201cLos Caminos del Acorde\u00f3n\u201d, no es otro que mostrar \u201cla riqueza de nuestra cultura santafesina, que vive y convive en todo el territorio. Con referentes m\u00fasicos muy importantes, a quienes hay que darles la oportunidad de trascender en distintos lugares de nuestro pa\u00eds\u201d. Continu\u00f3 expresando que \u201cel acorde\u00f3n es un instrumento donde se manifiesta esa diversidad, dando vida a chamam\u00e9s, pasodobles o cumbias, por decir algunos ritmos. Es una pluralidad, una variedad, que lejos de separarnos sirve para unirnos, generando nuestra identidad santafesina.\u201d \u201cHoy es una noche muy especial, llegar nuevamente a esta maravillosa Biblioteca que nos present\u00f3 a la Pe\u00f1a y desde ah\u00ed iniciamos un recorrido juntos; y el recuerdo de Marcelo (Acevedo), un gestor imparable que permiti\u00f3 llevar a su instituci\u00f3n a cada rinc\u00f3n de la provincia transmitiendo el esp\u00edritu que nos alimenta en el d\u00eda a d\u00eda: el compartir y el querernos realmente\u00bb<\/p>\n<p>Un poco de historia. Durante los d\u00edas 23, 24 y 25 de marzo de 2017, en la ciudades de Casilda y San Jorge, se recibieron a distintos acordeonistas de comunidades de los departamentos: Castellanos, Las Colonias, San Martin, San Jer\u00f3nimo, Caseros, Belgrano, Iriondo, San Lorenzo, General L\u00f3pez, Rosario y Constituci\u00f3n, quienes forman parte de esta propuesta f\u00edlmica que sigue visualizando no solo el talento y los estilos de cada m\u00fasico, sino que se expone la idiosincrasia, el paisaje y la esencia de cada pueblo.<\/p>\n<p>La noche finaliz\u00f3 con la presentaci\u00f3n de H\u00e9ctor Benetti interpretando dos obras y emocion\u00e1ndose, agradeciendo a Marcelo Acevedo por la gesti\u00f3n de haber podido participar en dicho audiovisual.<\/p>\n<p>Los \u00abCaminos del Acorde\u00f3n 2\u00bb seguir\u00e1n llegando a cada lugar uniendo y difundiendo nuestro potencial cultural santafesino.<\/p>\n","protected":false},"excerpt":{"rendered":"<p>El viernes 21, en la sede de la Biblioteca Popular Correa, a trav\u00e9s de la organizaci\u00f3n de Pe\u00f1a \u00abEl Amanecer\u00bb, se pudo disfrutar del audiovisual producido por el Ente Cultural Santafesino y auspiciado por la Diputada Provincial Claudia Giaccone, que durante el mes de marzo de 2017 fue filmado en la regi\u00f3n y cuenta con <a href=\"https:\/\/armstrongyregion.com.ar\/diario\/correa-se-presentaron-los-caminos-del-acordeon-2\/\" title=\"Read more\" >&#8230;<\/a><\/p>\n","protected":false},"author":1,"featured_media":18776,"comment_status":"open","ping_status":"open","sticky":false,"template":"","format":"standard","meta":{"_jetpack_memberships_contains_paid_content":false,"footnotes":"","jetpack_publicize_message":"","jetpack_publicize_feature_enabled":true,"jetpack_social_post_already_shared":false,"jetpack_social_options":{"image_generator_settings":{"template":"highway","default_image_id":0,"enabled":false},"version":2}},"categories":[8,1,7,3],"tags":[7140],"class_list":["post-18775","post","type-post","status-publish","format-standard","has-post-thumbnail","hentry","category-deliberando","category-diario-armstrong","category-politica","category-region","tag-correa-se-presentaron-los-caminos-del-acordeon-2"],"jetpack_publicize_connections":[],"jetpack_featured_media_url":"https:\/\/armstrongyregion.com.ar\/diario\/wp-content\/uploads\/2018\/09\/Sisiani-Giaccone-.jpg","jetpack_shortlink":"https:\/\/wp.me\/p62QDO-4SP","jetpack_sharing_enabled":true,"amp_enabled":true,"_links":{"self":[{"href":"https:\/\/armstrongyregion.com.ar\/diario\/wp-json\/wp\/v2\/posts\/18775","targetHints":{"allow":["GET"]}}],"collection":[{"href":"https:\/\/armstrongyregion.com.ar\/diario\/wp-json\/wp\/v2\/posts"}],"about":[{"href":"https:\/\/armstrongyregion.com.ar\/diario\/wp-json\/wp\/v2\/types\/post"}],"author":[{"embeddable":true,"href":"https:\/\/armstrongyregion.com.ar\/diario\/wp-json\/wp\/v2\/users\/1"}],"replies":[{"embeddable":true,"href":"https:\/\/armstrongyregion.com.ar\/diario\/wp-json\/wp\/v2\/comments?post=18775"}],"version-history":[{"count":0,"href":"https:\/\/armstrongyregion.com.ar\/diario\/wp-json\/wp\/v2\/posts\/18775\/revisions"}],"wp:featuredmedia":[{"embeddable":true,"href":"https:\/\/armstrongyregion.com.ar\/diario\/wp-json\/wp\/v2\/media\/18776"}],"wp:attachment":[{"href":"https:\/\/armstrongyregion.com.ar\/diario\/wp-json\/wp\/v2\/media?parent=18775"}],"wp:term":[{"taxonomy":"category","embeddable":true,"href":"https:\/\/armstrongyregion.com.ar\/diario\/wp-json\/wp\/v2\/categories?post=18775"},{"taxonomy":"post_tag","embeddable":true,"href":"https:\/\/armstrongyregion.com.ar\/diario\/wp-json\/wp\/v2\/tags?post=18775"}],"curies":[{"name":"wp","href":"https:\/\/api.w.org\/{rel}","templated":true}]}}