{"id":18770,"date":"2018-09-21T22:12:50","date_gmt":"2018-09-21T22:12:50","guid":{"rendered":"https:\/\/armstrongyregion.com.ar\/diario\/?p=18770"},"modified":"2018-09-21T22:12:50","modified_gmt":"2018-09-21T22:12:50","slug":"empresas-en-situacion-critica-suspenden-a-sus-trabajadores","status":"publish","type":"post","link":"https:\/\/armstrongyregion.com.ar\/diario\/empresas-en-situacion-critica-suspenden-a-sus-trabajadores\/","title":{"rendered":"Empresas en situaci\u00f3n cr\u00edtica suspenden a sus trabajadores."},"content":{"rendered":"<p><a href=\"http:\/\/armstrongyregion.com.ar\/diario\/wp-content\/uploads\/2016\/12\/DSC_0389.jpg\"><img loading=\"lazy\" decoding=\"async\" src=\"http:\/\/armstrongyregion.com.ar\/diario\/wp-content\/uploads\/2016\/12\/DSC_0389-1024x683.jpg\" alt=\"Miguel-Solis-\" width=\"800\" height=\"534\" class=\"alignnone size-large wp-image-11156\" srcset=\"https:\/\/armstrongyregion.com.ar\/diario\/wp-content\/uploads\/2016\/12\/DSC_0389-1024x683.jpg 1024w, https:\/\/armstrongyregion.com.ar\/diario\/wp-content\/uploads\/2016\/12\/DSC_0389-300x200.jpg 300w\" sizes=\"auto, (max-width: 800px) 100vw, 800px\" \/><\/a>En la sesi\u00f3n del jueves 20 de septiembre de la C\u00e1mara de Diputados de la provincia de Santa Fe,  la Comisi\u00f3n de Asuntos Laborales y Gremiales presidida por Miguel Solis, elabor\u00f3 y present\u00f3 un Proyecto de Declaraci\u00f3n manifestando la profunda preocupaci\u00f3n del cuerpo legislativo sobre la situaci\u00f3n que atraviesan varias empresas de la provincia y se solidariz\u00f3 con los  trabajadores afectados.<\/p>\n<p>      La iniciativa apoyada con la firma de legisladores de distintas extracciones pol\u00edticas, pretende visibilizar las consecuencias de las medidas econ\u00f3micas impulsadas por el Gobierno Nacional, que afectan negativamente las actividades productivas de empresas santafesinas tales como Electrolux(Ex Gafa,heladeras), Metalsur(carrocer\u00edas), Helv\u00e9tica(acoplados y remolques), General Motors(automotor), Oil Combustibles(refiner\u00eda), DASA( agro metal\u00fargica). Se insta al gobierno nacional a modificar las medidas que llevaron a esta situaci\u00f3n y que interceda para mantener las unidades productivas y las fuerzas laborales. <\/p>\n<p>     Solis mencionaba \u201cEl caso de la empresa Helvetica de Ca\u00f1ada de Gomez que ha suspendido a sus 100 trabajadores por 90 d\u00edas, abonando el 50% de su salario -lo que no supera los $ 20.000-, debiendo afrontar los costos de un alquiler, de las tarifas y la alimentaci\u00f3n de su familia\u201d.<\/p>\n<p>    \u201cO en el caso de Electrolux, ex Gafa de Rosario -fabricante de heladeras-, licenci\u00f3 a sus 1.000 trabajadores y adelant\u00f3 vacaciones durante un mes. Lo que son muestras de una realidad que es necesaria trasformar corrigiendo el rumbo econ\u00f3mico a nivel nacional\u201d, agreg\u00f3 el legislador. <\/p>\n<p>     Las empresas mencionadas se suman a otros sectores afectados como la industria de la madera, del vidrio o del calzado, donde la ca\u00edda del consumo, el aumento de las tarifas y la devaluaci\u00f3n, han obligado a las empresas a presentar procedimientos preventivo de crisis, eliminar turnos de producci\u00f3n, reducir horas, anticipar vacaciones, hasta incluso suspensiones y despidos del personal.<\/p>\n","protected":false},"excerpt":{"rendered":"<p>En la sesi\u00f3n del jueves 20 de septiembre de la C\u00e1mara de Diputados de la provincia de Santa Fe, la Comisi\u00f3n de Asuntos Laborales y Gremiales presidida por Miguel Solis, elabor\u00f3 y present\u00f3 un Proyecto de Declaraci\u00f3n manifestando la profunda preocupaci\u00f3n del cuerpo legislativo sobre la situaci\u00f3n que atraviesan varias empresas de la provincia y <a href=\"https:\/\/armstrongyregion.com.ar\/diario\/empresas-en-situacion-critica-suspenden-a-sus-trabajadores\/\" title=\"Read more\" >&#8230;<\/a><\/p>\n","protected":false},"author":1,"featured_media":15478,"comment_status":"open","ping_status":"open","sticky":false,"template":"","format":"standard","meta":{"_jetpack_memberships_contains_paid_content":false,"footnotes":"","jetpack_publicize_message":"","jetpack_publicize_feature_enabled":true,"jetpack_social_post_already_shared":false,"jetpack_social_options":{"image_generator_settings":{"template":"highway","default_image_id":0,"enabled":false},"version":2}},"categories":[8,1,2,7,3],"tags":[7138],"class_list":["post-18770","post","type-post","status-publish","format-standard","has-post-thumbnail","hentry","category-deliberando","category-diario-armstrong","category-locales","category-politica","category-region","tag-empresas-en-situacion-critica-suspenden-a-sus-trabajadores"],"jetpack_publicize_connections":[],"jetpack_featured_media_url":"https:\/\/armstrongyregion.com.ar\/diario\/wp-content\/uploads\/2017\/12\/DSC_0041.jpg","jetpack_shortlink":"https:\/\/wp.me\/p62QDO-4SK","jetpack_sharing_enabled":true,"amp_enabled":true,"_links":{"self":[{"href":"https:\/\/armstrongyregion.com.ar\/diario\/wp-json\/wp\/v2\/posts\/18770","targetHints":{"allow":["GET"]}}],"collection":[{"href":"https:\/\/armstrongyregion.com.ar\/diario\/wp-json\/wp\/v2\/posts"}],"about":[{"href":"https:\/\/armstrongyregion.com.ar\/diario\/wp-json\/wp\/v2\/types\/post"}],"author":[{"embeddable":true,"href":"https:\/\/armstrongyregion.com.ar\/diario\/wp-json\/wp\/v2\/users\/1"}],"replies":[{"embeddable":true,"href":"https:\/\/armstrongyregion.com.ar\/diario\/wp-json\/wp\/v2\/comments?post=18770"}],"version-history":[{"count":0,"href":"https:\/\/armstrongyregion.com.ar\/diario\/wp-json\/wp\/v2\/posts\/18770\/revisions"}],"wp:featuredmedia":[{"embeddable":true,"href":"https:\/\/armstrongyregion.com.ar\/diario\/wp-json\/wp\/v2\/media\/15478"}],"wp:attachment":[{"href":"https:\/\/armstrongyregion.com.ar\/diario\/wp-json\/wp\/v2\/media?parent=18770"}],"wp:term":[{"taxonomy":"category","embeddable":true,"href":"https:\/\/armstrongyregion.com.ar\/diario\/wp-json\/wp\/v2\/categories?post=18770"},{"taxonomy":"post_tag","embeddable":true,"href":"https:\/\/armstrongyregion.com.ar\/diario\/wp-json\/wp\/v2\/tags?post=18770"}],"curies":[{"name":"wp","href":"https:\/\/api.w.org\/{rel}","templated":true}]}}