{"id":1877,"date":"2015-04-23T21:46:18","date_gmt":"2015-04-23T21:46:18","guid":{"rendered":"https:\/\/armstrongyregion.com.ar\/diario\/?p=1877"},"modified":"2015-04-23T21:46:18","modified_gmt":"2015-04-23T21:46:18","slug":"claudia-giaccone-agradecio-el-acompanamiento-en-estas-elecciones-primarias","status":"publish","type":"post","link":"https:\/\/armstrongyregion.com.ar\/diario\/claudia-giaccone-agradecio-el-acompanamiento-en-estas-elecciones-primarias\/","title":{"rendered":"Claudia Giaccone agradeci\u00f3 el acompa\u00f1amiento en estas elecciones primarias."},"content":{"rendered":"<p><a href=\"http:\/\/armstrongyregion.com.ar\/diario\/wp-content\/uploads\/2015\/04\/Cornaglia-y-Giaccone-025.jpg\"><img loading=\"lazy\" decoding=\"async\" class=\"alignnone size-medium wp-image-1878\" src=\"http:\/\/armstrongyregion.com.ar\/diario\/wp-content\/uploads\/2015\/04\/Cornaglia-y-Giaccone-025-300x264.jpg\" alt=\"Claudia Giaccone 025\" width=\"300\" height=\"264\" srcset=\"https:\/\/armstrongyregion.com.ar\/diario\/wp-content\/uploads\/2015\/04\/Cornaglia-y-Giaccone-025-300x264.jpg 300w, https:\/\/armstrongyregion.com.ar\/diario\/wp-content\/uploads\/2015\/04\/Cornaglia-y-Giaccone-025-1024x901.jpg 1024w\" sizes=\"auto, (max-width: 300px) 100vw, 300px\" \/><\/a>Visit\u00f3 la regi\u00f3n la diputada nacional Claudia Giaccone, que logr\u00f3 en estas PASO casi 65000 votos encabezando la lista Juntos por Santa Fe \u2013en el Frente Justicialista para la Victoria-. Se ubic\u00f3 as\u00ed en tercer lugar, lo que le permitir\u00e1 llegar a integrar la Legislatura santafesina, junto a otros de sus compa\u00f1eros.<br \/>\nEn Las Parejas, Las Rosas y Armstrong, visit\u00f3 medios de prensa, instituciones y militantes para agradecer \u00abel esfuerzo de todos en estas primarias y a quienes acompa\u00f1aron con su voto el trabajo diario y constante, y no al marketing de carteles, globos, sombrillas o afiches\u00bb, dijo.<\/p>\n<p>En nuestra ciudad lo hizo acompa\u00f1ada de Alejandra Vismara y Ra\u00fal R\u00edos \u2013precandidatos a diputados provinciales, y Hugo Javier Mujica, precandidato a concejal rosense por Estudio de Temas P\u00fablicos. Estuvieron en Renacer Regional, hablaron con docentes y cooperadores de la Escuela T\u00e9cnica Gral. Mosconi y recorrieron el Teatro D\u00b4Annunzio que se encuentra en total reconstrucci\u00f3n, a partir de un aporte de casi 15 millones de pesos del Ministerio de Planificaci\u00f3n Federal.<\/p>\n<p>\u00abFuimos la sorpresa de la elecci\u00f3n. Pero yo digo que nosotros que llevamos a\u00f1os de trabajo y mucho lo hicimos adem\u00e1s durante la campa\u00f1a, en realidad los votos han consagrado esa militancia constante. As\u00ed que no somos la revelaci\u00f3n, somos la consagraci\u00f3n del estar presente con la gente cada d\u00eda y en much\u00edsimos lugares\u00bb, dijo Giaccone. \u00abPuede ser que no nos hayan visto en la televisi\u00f3n de aire. Pero estuvimos en infinidad de lugares, siempre haciendo, siempre hablando con todos, logrando de resultados. Horas y kil\u00f3metros para estar barrios, con instituciones, con sindicatos, cooperativas, escuelas, obreros, clubes. Con el Ente Cultural sumando pueblos, artistas, dirigencia de base.\u00bb, expres\u00f3.<\/p>\n<p>Otros conceptos de Claudia Giaccone.<br \/>\n&#8211; \u00abA veces enoja un poco tener que explicar de donde salieron los votos. No es magia, es trabajo de muchos compa\u00f1eros que acompa\u00f1an una propuesta que quieren que est\u00e9 en la legislatura provincial. Si una dirigente, mujer, del interior, sin plata&#8230;saca estos votos, la pol\u00edtica debe sacudirse y preguntarse: \u00bfestamos lejos de la gente?, \u00bfhemos dejado de representarla?. Entonces hay que ser autocr\u00edtico, sumar, acercarse a todos, laburar.\u00bb<\/p>\n<p>-\u00abHoy hay montones de pibes participando de la pol\u00edtica. Donde voy me encuentro con ellos, por decenas. Por eso tenemos que tener cuidado de poner mantos de sospecha sobre una elecci\u00f3n. Hay que velar por corregir errores. Pero si se descree los que son elegidos para los pr\u00f3ximos cuatro a\u00f1os pueden quedar deslegitimizados. Hay que hacer crecer el amor por la pol\u00edtica. Que los chicos sepan que se puede hacer pol\u00edtica sana y fresca.\u00bb<\/p>\n<p>-\u00abSe tiene que terminar la pol\u00edtica cerrada, de sombras. Nadie pide que dejen su silla, sino que se abra a la posibilidad de que entren otros. Para eso son las elecciones.\u00bb<\/p>\n<p>-\u00abNosotros somos una construcci\u00f3n colectiva. La cara en el voto era la m\u00eda. Pero muchos pusieron su esfuerzo. As\u00ed como lo hace Ernesto Mansilla, un ejemplo de trabajo pol\u00edtico en Las Rosas y su zona. Y adem\u00e1s somos el interior. Muchos de todos estos lugares tienen mi tel\u00e9fono y yo comprometo a regresar a todos los lugares. Por eso es importante tener un diputado, all\u00e1 donde se deciden las cuestiones.\u00bb<\/p>\n<p>-\u00abAhora viene un mes y medio de debates. \u00bfQue vamos a hacer cada uno? Yo quiero sentarme con el gobernador Bonfatti a debatir. Preguntarle porque va a presentar la ley de tierras reci\u00e9n el a\u00f1o que viene y no ahora, cuando miles de familias quieren adquirir un lote para construir su casita y es hoy inalcanzable\u00bb<\/p>\n<p>De Hugo Javier Mujica. \u00abMe siento halagado por los votos que me dieron los rosenses. No logramos el objetivo de Ernesto Mansilla candidato a intendente y yo en primer lugar a concejal, pero estoy satisfecho. Hemos trabajado casi sin recursos, juntando pesitos para la nafta del m\u00f3vil publicitario, casi sin carteler\u00eda, con poca radio y TV. Agradezco a Ernesto haberme dado un lugar en la pol\u00edtica y seguir\u00e9 junto a \u00e9l aprendiendo. En este camino nos relacionamos con Claudia Giaccone, que est\u00e1 en la misma lucha, actuamos en conjunto y logramos ganar la categor\u00eda diputados del Frente Justicialista para la Victoria en Las Rosas.\u00bb<\/p>\n","protected":false},"excerpt":{"rendered":"<p>Visit\u00f3 la regi\u00f3n la diputada nacional Claudia Giaccone, que logr\u00f3 en estas PASO casi 65000 votos encabezando la lista Juntos por Santa Fe \u2013en el Frente Justicialista para la Victoria-. Se ubic\u00f3 as\u00ed en tercer lugar, lo que le permitir\u00e1 llegar a integrar la Legislatura santafesina, junto a otros de sus compa\u00f1eros. En Las Parejas, <a href=\"https:\/\/armstrongyregion.com.ar\/diario\/claudia-giaccone-agradecio-el-acompanamiento-en-estas-elecciones-primarias\/\" title=\"Read more\" >&#8230;<\/a><\/p>\n","protected":false},"author":2,"featured_media":1878,"comment_status":"open","ping_status":"open","sticky":false,"template":"","format":"standard","meta":{"_jetpack_memberships_contains_paid_content":false,"footnotes":"","jetpack_publicize_message":"","jetpack_publicize_feature_enabled":true,"jetpack_social_post_already_shared":false,"jetpack_social_options":{"image_generator_settings":{"template":"highway","default_image_id":0,"enabled":false},"version":2}},"categories":[1,7,3],"tags":[1519,1518,110,16,404,15,137,1019,1520],"class_list":["post-1877","post","type-post","status-publish","format-standard","has-post-thumbnail","hentry","category-diario-armstrong","category-politica","category-region","tag-acompanamiento","tag-agradecio","tag-claudia","tag-el","tag-elecciones","tag-en","tag-estas","tag-giaccone","tag-primarias"],"jetpack_publicize_connections":[],"jetpack_featured_media_url":"https:\/\/armstrongyregion.com.ar\/diario\/wp-content\/uploads\/2015\/04\/Cornaglia-y-Giaccone-025.jpg","jetpack_shortlink":"https:\/\/wp.me\/p62QDO-uh","jetpack_sharing_enabled":true,"amp_enabled":true,"_links":{"self":[{"href":"https:\/\/armstrongyregion.com.ar\/diario\/wp-json\/wp\/v2\/posts\/1877","targetHints":{"allow":["GET"]}}],"collection":[{"href":"https:\/\/armstrongyregion.com.ar\/diario\/wp-json\/wp\/v2\/posts"}],"about":[{"href":"https:\/\/armstrongyregion.com.ar\/diario\/wp-json\/wp\/v2\/types\/post"}],"author":[{"embeddable":true,"href":"https:\/\/armstrongyregion.com.ar\/diario\/wp-json\/wp\/v2\/users\/2"}],"replies":[{"embeddable":true,"href":"https:\/\/armstrongyregion.com.ar\/diario\/wp-json\/wp\/v2\/comments?post=1877"}],"version-history":[{"count":0,"href":"https:\/\/armstrongyregion.com.ar\/diario\/wp-json\/wp\/v2\/posts\/1877\/revisions"}],"wp:featuredmedia":[{"embeddable":true,"href":"https:\/\/armstrongyregion.com.ar\/diario\/wp-json\/wp\/v2\/media\/1878"}],"wp:attachment":[{"href":"https:\/\/armstrongyregion.com.ar\/diario\/wp-json\/wp\/v2\/media?parent=1877"}],"wp:term":[{"taxonomy":"category","embeddable":true,"href":"https:\/\/armstrongyregion.com.ar\/diario\/wp-json\/wp\/v2\/categories?post=1877"},{"taxonomy":"post_tag","embeddable":true,"href":"https:\/\/armstrongyregion.com.ar\/diario\/wp-json\/wp\/v2\/tags?post=1877"}],"curies":[{"name":"wp","href":"https:\/\/api.w.org\/{rel}","templated":true}]}}