{"id":18742,"date":"2018-09-20T13:42:54","date_gmt":"2018-09-20T13:42:54","guid":{"rendered":"https:\/\/armstrongyregion.com.ar\/diario\/?p=18742"},"modified":"2018-09-20T17:20:18","modified_gmt":"2018-09-20T17:20:18","slug":"la-cgt-ratificla-cgt-ratifico-el-paro-nacional-del-25-de-septiembre","status":"publish","type":"post","link":"https:\/\/armstrongyregion.com.ar\/diario\/la-cgt-ratificla-cgt-ratifico-el-paro-nacional-del-25-de-septiembre\/","title":{"rendered":"La CGT ratific\u00f3 el paro nacional del 25 de septiembre."},"content":{"rendered":"<p><a href=\"http:\/\/armstrongyregion.com.ar\/diario\/wp-content\/uploads\/2018\/09\/cgt-paro-nacional-.jpg\"><img loading=\"lazy\" decoding=\"async\" src=\"http:\/\/armstrongyregion.com.ar\/diario\/wp-content\/uploads\/2018\/09\/cgt-paro-nacional-.jpg\" alt=\"cgt-paro-nacional-\" width=\"768\" height=\"431\" class=\"alignnone size-full wp-image-18743\" srcset=\"https:\/\/armstrongyregion.com.ar\/diario\/wp-content\/uploads\/2018\/09\/cgt-paro-nacional-.jpg 768w, https:\/\/armstrongyregion.com.ar\/diario\/wp-content\/uploads\/2018\/09\/cgt-paro-nacional--300x168.jpg 300w\" sizes=\"auto, (max-width: 768px) 100vw, 768px\" \/><\/a>El paro del martes fue confirmado por el triunviro H\u00e9ctor Daer a trav\u00e9s de las redes sociales. Qui\u00e9nes se adhieren.<br \/>\nLa conducci\u00f3n de la CGT ratific\u00f3 el paro nacional convocado para el martes 25 de septiembre, mientras que se suspendi\u00f3 la reuni\u00f3n que una delegaci\u00f3n de la central obrera iba a mantener este martes con el ministro de Producci\u00f3n, Dante Sica. \u00abPara los que dudan y generan confusi\u00f3n, seamos claros: el paro nacional no se levanta\u00bb, advirti\u00f3 H\u00e9ctor Daer, integrante del triunvirato que conduce la central obrera.<br \/>\nEl sindicalista se pronunci\u00f3 de esa forma a trav\u00e9s de Twitter luego de que el d\u00eda anterior el jefe del gremio de Camioneros, Hugo Moyano, saliera a marcarle la cancha al triunvirato y deslizara que \u00abser\u00eda un suicidio\u00bb que la CGT suspendiera la medida de fuerza convocada para el 25 de este mes. El hecho de que una comitiva de dirigentes de la central tuviera prevista una reuni\u00f3n este martes con Sica tambi\u00e9n hab\u00eda sumado a disparar versiones de que podr\u00eda haber alg\u00fan tipo de acuerdo que levantara el paro anunciado, por lo cual Daer sali\u00f3 a negarlo de manera tajante.<br \/>\n El encuentro de los integrantes de la CGT con el ministro Sica, seg\u00fan trascendi\u00f3, estaba previsto para las 20:00, y en medio de un fuerte hermetismo se barajaban distintas sedes, aunque todo indicaba que el edificio del sindicato de Sanidad de la calle De\u00e1n Funes al 1200, en esta capital, era el lugar m\u00e1s probable para la reuni\u00f3n. De la cumbre iba a participar tambi\u00e9n Jorge Triaca, ahora con el rango de secretario de gobierno de Trabajo. De acuerdo a los trascendidos, el Gobierno iba a hacer all\u00ed un \u00faltimo intento por levantar el paro general convocado por la central, que ser\u00e1 el cuarto en la gesti\u00f3n de Mauricio Macri.<br \/>\nFuentes del Ministerio de Producci\u00f3n, a fin de minimizar la cancelaci\u00f3n del encuentro, dijeron a la agencia NA que no ten\u00edan confirmada \u00abninguna reuni\u00f3n con la CGT\u00bb para este martes. Qui\u00e9nes se adhieren al paro nacional del 25 de septiembre: Transporte P\u00fablico:  confirmado por los colectivos de la Uni\u00f3n Tranviarios Automotor (UTA) y los maquinistas de trenes de La Fraternidad. Entidades Bancarias Sindicato de Empleados de Comercio SMATA UOM Docentes nucleados en ADUL y CONADU Hist\u00f3rica UPCN Trabajadores de la salud Trabajadores gastron\u00f3micos.<br \/>\n (Fuente www.perfil.com). <\/p>\n","protected":false},"excerpt":{"rendered":"<p>El paro del martes fue confirmado por el triunviro H\u00e9ctor Daer a trav\u00e9s de las redes sociales. Qui\u00e9nes se adhieren. La conducci\u00f3n de la CGT ratific\u00f3 el paro nacional convocado para el martes 25 de septiembre, mientras que se suspendi\u00f3 la reuni\u00f3n que una delegaci\u00f3n de la central obrera iba a mantener este martes con <a href=\"https:\/\/armstrongyregion.com.ar\/diario\/la-cgt-ratificla-cgt-ratifico-el-paro-nacional-del-25-de-septiembre\/\" title=\"Read more\" >&#8230;<\/a><\/p>\n","protected":false},"author":1,"featured_media":18743,"comment_status":"open","ping_status":"open","sticky":false,"template":"","format":"standard","meta":{"_jetpack_memberships_contains_paid_content":false,"footnotes":"","jetpack_publicize_message":"","jetpack_publicize_feature_enabled":true,"jetpack_social_post_already_shared":false,"jetpack_social_options":{"image_generator_settings":{"template":"highway","default_image_id":0,"enabled":false},"version":2}},"categories":[8,1,2819,2,7,3],"tags":[7129],"class_list":["post-18742","post","type-post","status-publish","format-standard","has-post-thumbnail","hentry","category-deliberando","category-diario-armstrong","category-el-pais","category-locales","category-politica","category-region","tag-la-cgt-ratifico-el-paro-nacional-del-25-de-septiembre"],"jetpack_publicize_connections":[],"jetpack_featured_media_url":"https:\/\/armstrongyregion.com.ar\/diario\/wp-content\/uploads\/2018\/09\/cgt-paro-nacional-.jpg","jetpack_shortlink":"https:\/\/wp.me\/p62QDO-4Si","jetpack_sharing_enabled":true,"amp_enabled":true,"_links":{"self":[{"href":"https:\/\/armstrongyregion.com.ar\/diario\/wp-json\/wp\/v2\/posts\/18742","targetHints":{"allow":["GET"]}}],"collection":[{"href":"https:\/\/armstrongyregion.com.ar\/diario\/wp-json\/wp\/v2\/posts"}],"about":[{"href":"https:\/\/armstrongyregion.com.ar\/diario\/wp-json\/wp\/v2\/types\/post"}],"author":[{"embeddable":true,"href":"https:\/\/armstrongyregion.com.ar\/diario\/wp-json\/wp\/v2\/users\/1"}],"replies":[{"embeddable":true,"href":"https:\/\/armstrongyregion.com.ar\/diario\/wp-json\/wp\/v2\/comments?post=18742"}],"version-history":[{"count":0,"href":"https:\/\/armstrongyregion.com.ar\/diario\/wp-json\/wp\/v2\/posts\/18742\/revisions"}],"wp:featuredmedia":[{"embeddable":true,"href":"https:\/\/armstrongyregion.com.ar\/diario\/wp-json\/wp\/v2\/media\/18743"}],"wp:attachment":[{"href":"https:\/\/armstrongyregion.com.ar\/diario\/wp-json\/wp\/v2\/media?parent=18742"}],"wp:term":[{"taxonomy":"category","embeddable":true,"href":"https:\/\/armstrongyregion.com.ar\/diario\/wp-json\/wp\/v2\/categories?post=18742"},{"taxonomy":"post_tag","embeddable":true,"href":"https:\/\/armstrongyregion.com.ar\/diario\/wp-json\/wp\/v2\/tags?post=18742"}],"curies":[{"name":"wp","href":"https:\/\/api.w.org\/{rel}","templated":true}]}}