{"id":1874,"date":"2015-04-23T21:37:04","date_gmt":"2015-04-23T21:37:04","guid":{"rendered":"https:\/\/armstrongyregion.com.ar\/diario\/?p=1874"},"modified":"2015-04-23T21:37:04","modified_gmt":"2015-04-23T21:37:04","slug":"fabricas-a-puertas-abiertas-sigue-fomentando-el-desarrollo-emprendedor-parejense","status":"publish","type":"post","link":"https:\/\/armstrongyregion.com.ar\/diario\/fabricas-a-puertas-abiertas-sigue-fomentando-el-desarrollo-emprendedor-parejense\/","title":{"rendered":"Fabricas a Puertas Abiertas, sigue fomentando el desarrollo emprendedor parejense."},"content":{"rendered":"<p><a href=\"http:\/\/armstrongyregion.com.ar\/diario\/wp-content\/uploads\/2015\/04\/fabricas-puertas-abiertas-2015.jpg\"><img loading=\"lazy\" decoding=\"async\" class=\"alignnone size-medium wp-image-1875\" src=\"http:\/\/armstrongyregion.com.ar\/diario\/wp-content\/uploads\/2015\/04\/fabricas-puertas-abiertas-2015-300x168.jpg\" alt=\"fabricas puertas abiertas \" width=\"300\" height=\"168\" srcset=\"https:\/\/armstrongyregion.com.ar\/diario\/wp-content\/uploads\/2015\/04\/fabricas-puertas-abiertas-2015-300x168.jpg 300w, https:\/\/armstrongyregion.com.ar\/diario\/wp-content\/uploads\/2015\/04\/fabricas-puertas-abiertas-2015.jpg 768w\" sizes=\"auto, (max-width: 300px) 100vw, 300px\" \/><\/a>El pasado lunes 20 de Abril se realiz\u00f3 la primer actividad del 2015, del<br \/>\nPrograma \u201cFabricas a Puertas Abiertas\u201d, de la cual participaron por primera<br \/>\nvez los 40 alumnos de la C\u00e1tedra Introducci\u00f3n a la Ingenier\u00eda, del 1er a\u00f1o<br \/>\nde la carrera de Ingenier\u00eda Industrial de la extensi\u00f3n \u00e1ulica de FCEIA \u2013 UNR<br \/>\nen la localidad de Las Parejas. Este Programa, organizado por la<br \/>\nMunicipalidad de Las Parejas en conjunto con ADIMRA, el Centro Industrial de<br \/>\nLas Parejas y el Centro de Estudios para el Desarrollo de la Industria<br \/>\nNacional (CEDIN), tiene como objetivo acercar a los alumnos del \u00faltimo a\u00f1o<br \/>\nde todas las escuelas primarias, secundarias, terciarias y de formaci\u00f3n de<br \/>\nla localidad, a su pr\u00f3ximo escenario laboral en pos de un progreso personal<br \/>\ny su desarrollo emprendedor y profesional.<\/p>\n<p>En esta actividad, luego de tener una charla sobre la realidad productiva de<br \/>\nla ciudad, a cargo del Secretario de Industria y Desarrollo Econ\u00f3mico,<br \/>\nFabi\u00e1n Mascheroni y de las distintas actividades desarrolladas por ADIMRA y<br \/>\nCEDIN a cargo del Secretario General de ADIMRA Joven, Juan Fernando Torresi,<br \/>\nlos alumnos visitaron dos de las plantas de la firma MAQUINAS Y REMOLQUES<br \/>\nOMBU SA, donde no solo pudieron ver los procesos productivos (Corte,<br \/>\nplegado, pintura y expedici\u00f3n) y de gesti\u00f3n (comercio exterior, log\u00edstica)<br \/>\nde las mismas, sino que tambi\u00e9n tuvieron la posibilidad de conocer la<br \/>\nhistoria de dicha empresa, de manos de su fundador, Don Orlando Castellani.<\/p>\n<p>Con esta iniciativa, en 3 a\u00f1os, se realizaron 29 Fabricas a Puertas Abiertas<br \/>\ndesde el 2011 al 2014 (visitas a 39 empresas de la ciudad de la que<br \/>\nparticiparon m\u00e1s de 490 alumnos de los \u00faltimos a\u00f1os de escuelas secundarias<br \/>\nde la ciudad), la donaci\u00f3n de herramental a la EET 290, Becas Bicentenario,<br \/>\nCharlas de orientaci\u00f3n vocacional y cursos gratuitos tanto a docentes como<br \/>\nalumnos de actualizaci\u00f3n en t\u00e9cnicas de mecanizado. Tambi\u00e9n fue catalizador<br \/>\ndel programa \u201cLas Escuelas a las F\u00e1bricas\u201d, con visitas de alumnos de 7 mo<br \/>\ngrado de escuelas primarias de la ciudad y de alumnos de la escuela especial<br \/>\na empresas parejenses.<br \/>\nAl finalizar esta actividad, el Intendente de Las Parejas, Diego Martin<br \/>\nMansilla, destac\u00f3 \u201cque este Programa es un ejemplo m\u00e1s de lo que significa<br \/>\npara los actores de la ciudad el orgullo de ser parejense. Nuevamente<br \/>\nvolvemos a incentivar el esp\u00edritu emprendedor, a partir de que cada<br \/>\nempresario les traslade a los alumnos su historia de vida, sus aciertos y<br \/>\nerrores m\u00e1s importantes que tuvo que sortear a la hora de crear su empresa,<br \/>\npara que antes de terminar su formaci\u00f3n secundaria, el internalicen que<br \/>\npueden ser excelentes profesionales o mandos medios en las empresas, pero<br \/>\nque tambi\u00e9n pueden pensarse a corto plazo como un colega empresario.<\/p>\n","protected":false},"excerpt":{"rendered":"<p>El pasado lunes 20 de Abril se realiz\u00f3 la primer actividad del 2015, del Programa \u201cFabricas a Puertas Abiertas\u201d, de la cual participaron por primera vez los 40 alumnos de la C\u00e1tedra Introducci\u00f3n a la Ingenier\u00eda, del 1er a\u00f1o de la carrera de Ingenier\u00eda Industrial de la extensi\u00f3n \u00e1ulica de FCEIA \u2013 UNR en la <a href=\"https:\/\/armstrongyregion.com.ar\/diario\/fabricas-a-puertas-abiertas-sigue-fomentando-el-desarrollo-emprendedor-parejense\/\" title=\"Read more\" >&#8230;<\/a><\/p>\n","protected":false},"author":2,"featured_media":1875,"comment_status":"open","ping_status":"open","sticky":false,"template":"","format":"standard","meta":{"_jetpack_memberships_contains_paid_content":false,"footnotes":"","jetpack_publicize_message":"","jetpack_publicize_feature_enabled":true,"jetpack_social_post_already_shared":false,"jetpack_social_options":{"image_generator_settings":{"template":"highway","default_image_id":0,"enabled":false},"version":2}},"categories":[1,3],"tags":[33,1515,1517,1513,367,1514,1516],"class_list":["post-1874","post","type-post","status-publish","format-standard","has-post-thumbnail","hentry","category-diario-armstrong","category-region","tag-a","tag-abiertas","tag-emprendedor","tag-fabricas","tag-parejense","tag-puertas","tag-sigue-fomentando-el-desarrollo"],"jetpack_publicize_connections":[],"jetpack_featured_media_url":"https:\/\/armstrongyregion.com.ar\/diario\/wp-content\/uploads\/2015\/04\/fabricas-puertas-abiertas-2015.jpg","jetpack_shortlink":"https:\/\/wp.me\/p62QDO-ue","jetpack_sharing_enabled":true,"amp_enabled":true,"_links":{"self":[{"href":"https:\/\/armstrongyregion.com.ar\/diario\/wp-json\/wp\/v2\/posts\/1874","targetHints":{"allow":["GET"]}}],"collection":[{"href":"https:\/\/armstrongyregion.com.ar\/diario\/wp-json\/wp\/v2\/posts"}],"about":[{"href":"https:\/\/armstrongyregion.com.ar\/diario\/wp-json\/wp\/v2\/types\/post"}],"author":[{"embeddable":true,"href":"https:\/\/armstrongyregion.com.ar\/diario\/wp-json\/wp\/v2\/users\/2"}],"replies":[{"embeddable":true,"href":"https:\/\/armstrongyregion.com.ar\/diario\/wp-json\/wp\/v2\/comments?post=1874"}],"version-history":[{"count":0,"href":"https:\/\/armstrongyregion.com.ar\/diario\/wp-json\/wp\/v2\/posts\/1874\/revisions"}],"wp:featuredmedia":[{"embeddable":true,"href":"https:\/\/armstrongyregion.com.ar\/diario\/wp-json\/wp\/v2\/media\/1875"}],"wp:attachment":[{"href":"https:\/\/armstrongyregion.com.ar\/diario\/wp-json\/wp\/v2\/media?parent=1874"}],"wp:term":[{"taxonomy":"category","embeddable":true,"href":"https:\/\/armstrongyregion.com.ar\/diario\/wp-json\/wp\/v2\/categories?post=1874"},{"taxonomy":"post_tag","embeddable":true,"href":"https:\/\/armstrongyregion.com.ar\/diario\/wp-json\/wp\/v2\/tags?post=1874"}],"curies":[{"name":"wp","href":"https:\/\/api.w.org\/{rel}","templated":true}]}}