{"id":18739,"date":"2018-09-20T16:05:20","date_gmt":"2018-09-20T16:05:20","guid":{"rendered":"https:\/\/armstrongyregion.com.ar\/diario\/?p=18739"},"modified":"2018-09-20T16:05:20","modified_gmt":"2018-09-20T16:05:20","slug":"armstrong-sindicato-de-empleados-de-comercio-informa","status":"publish","type":"post","link":"https:\/\/armstrongyregion.com.ar\/diario\/armstrong-sindicato-de-empleados-de-comercio-informa\/","title":{"rendered":"Armstrong. Sindicato de Empleados de Comercio Informa:"},"content":{"rendered":"<p><a href=\"http:\/\/armstrongyregion.com.ar\/diario\/wp-content\/uploads\/2018\/09\/SEC-logo-2.jpg\"><img loading=\"lazy\" decoding=\"async\" src=\"http:\/\/armstrongyregion.com.ar\/diario\/wp-content\/uploads\/2018\/09\/SEC-logo-2.jpg\" alt=\"SEC logo (2)\" width=\"651\" height=\"600\" class=\"alignnone size-full wp-image-18745\" srcset=\"https:\/\/armstrongyregion.com.ar\/diario\/wp-content\/uploads\/2018\/09\/SEC-logo-2.jpg 651w, https:\/\/armstrongyregion.com.ar\/diario\/wp-content\/uploads\/2018\/09\/SEC-logo-2-300x276.jpg 300w\" sizes=\"auto, (max-width: 651px) 100vw, 651px\" \/><\/a>Armstrong, 19 de septiembre de 2018<br \/>\nEl Sindicato de Empleados de Comercio de la ciudad de Armstrong<br \/>\ninforma que seg\u00fan Ley Nacional 26.541 y Ley Provincial 13.441 el D\u00cdA<br \/>\nDEL EMPLEADO DE COMERCIO es el \u00faltimo mi\u00e9rcoles de septiembre.-<br \/>\nEste a\u00f1o es el d\u00eda 26 de septiembre y es un d\u00eda NO LABORABLE (NO<br \/>\nNEGOCIABLE).-<br \/>\nCOMISI\u00d3N DIRECTIVA<\/p>\n","protected":false},"excerpt":{"rendered":"<p>Armstrong, 19 de septiembre de 2018 El Sindicato de Empleados de Comercio de la ciudad de Armstrong informa que seg\u00fan Ley Nacional 26.541 y Ley Provincial 13.441 el D\u00cdA DEL EMPLEADO DE COMERCIO es el \u00faltimo mi\u00e9rcoles de septiembre.- Este a\u00f1o es el d\u00eda 26 de septiembre y es un d\u00eda NO LABORABLE (NO NEGOCIABLE).- <a href=\"https:\/\/armstrongyregion.com.ar\/diario\/armstrong-sindicato-de-empleados-de-comercio-informa\/\" title=\"Read more\" >&#8230;<\/a><\/p>\n","protected":false},"author":1,"featured_media":18745,"comment_status":"open","ping_status":"open","sticky":false,"template":"","format":"standard","meta":{"_jetpack_memberships_contains_paid_content":false,"footnotes":"","jetpack_publicize_message":"","jetpack_publicize_feature_enabled":true,"jetpack_social_post_already_shared":false,"jetpack_social_options":{"image_generator_settings":{"template":"highway","default_image_id":0,"enabled":false},"version":2}},"categories":[1,2,7],"tags":[7130],"class_list":["post-18739","post","type-post","status-publish","format-standard","has-post-thumbnail","hentry","category-diario-armstrong","category-locales","category-politica","tag-armstrong-sindicato-de-empleados-de-comercio-informa"],"jetpack_publicize_connections":[],"jetpack_featured_media_url":"https:\/\/armstrongyregion.com.ar\/diario\/wp-content\/uploads\/2018\/09\/SEC-logo-2.jpg","jetpack_shortlink":"https:\/\/wp.me\/p62QDO-4Sf","jetpack_sharing_enabled":true,"amp_enabled":true,"_links":{"self":[{"href":"https:\/\/armstrongyregion.com.ar\/diario\/wp-json\/wp\/v2\/posts\/18739","targetHints":{"allow":["GET"]}}],"collection":[{"href":"https:\/\/armstrongyregion.com.ar\/diario\/wp-json\/wp\/v2\/posts"}],"about":[{"href":"https:\/\/armstrongyregion.com.ar\/diario\/wp-json\/wp\/v2\/types\/post"}],"author":[{"embeddable":true,"href":"https:\/\/armstrongyregion.com.ar\/diario\/wp-json\/wp\/v2\/users\/1"}],"replies":[{"embeddable":true,"href":"https:\/\/armstrongyregion.com.ar\/diario\/wp-json\/wp\/v2\/comments?post=18739"}],"version-history":[{"count":0,"href":"https:\/\/armstrongyregion.com.ar\/diario\/wp-json\/wp\/v2\/posts\/18739\/revisions"}],"wp:featuredmedia":[{"embeddable":true,"href":"https:\/\/armstrongyregion.com.ar\/diario\/wp-json\/wp\/v2\/media\/18745"}],"wp:attachment":[{"href":"https:\/\/armstrongyregion.com.ar\/diario\/wp-json\/wp\/v2\/media?parent=18739"}],"wp:term":[{"taxonomy":"category","embeddable":true,"href":"https:\/\/armstrongyregion.com.ar\/diario\/wp-json\/wp\/v2\/categories?post=18739"},{"taxonomy":"post_tag","embeddable":true,"href":"https:\/\/armstrongyregion.com.ar\/diario\/wp-json\/wp\/v2\/tags?post=18739"}],"curies":[{"name":"wp","href":"https:\/\/api.w.org\/{rel}","templated":true}]}}