{"id":18735,"date":"2018-09-20T13:00:18","date_gmt":"2018-09-20T13:00:18","guid":{"rendered":"https:\/\/armstrongyregion.com.ar\/diario\/?p=18735"},"modified":"2018-09-20T13:00:18","modified_gmt":"2018-09-20T13:00:18","slug":"gustavo-garzon-paso-por-canada-de-gomez","status":"publish","type":"post","link":"https:\/\/armstrongyregion.com.ar\/diario\/gustavo-garzon-paso-por-canada-de-gomez\/","title":{"rendered":"Gustavo Garz\u00f3n paso por Ca\u00f1ada de G\u00f3mez."},"content":{"rendered":"<p><a href=\"http:\/\/armstrongyregion.com.ar\/diario\/wp-content\/uploads\/2018\/09\/Gusti-Garzon-2-.jpg\"><img loading=\"lazy\" decoding=\"async\" src=\"http:\/\/armstrongyregion.com.ar\/diario\/wp-content\/uploads\/2018\/09\/Gusti-Garzon-2-.jpg\" alt=\"Gusti-Garzon-2-\" width=\"768\" height=\"553\" class=\"alignnone size-full wp-image-18736\" srcset=\"https:\/\/armstrongyregion.com.ar\/diario\/wp-content\/uploads\/2018\/09\/Gusti-Garzon-2-.jpg 768w, https:\/\/armstrongyregion.com.ar\/diario\/wp-content\/uploads\/2018\/09\/Gusti-Garzon-2--300x216.jpg 300w\" sizes=\"auto, (max-width: 768px) 100vw, 768px\" \/><\/a>Este mi\u00e9rcoles por la tarde, el reconocido actor, escritor, docente, cineasta y director, dict\u00f3 un seminario intensivo de actuaci\u00f3n en el Auditorio dela Biblioteca Rivadavia de Ca\u00f1ada de G\u00f3mez. El mismo se realiz\u00f3 a beneficio del Grupo de Teatro Vocacional San Pedro y fue auspiciado por Hugo Jes\u00fas Rasetto y los concejales Mat\u00edas Chale y Luciano Travaglino. <\/p>\n<p><a href=\"http:\/\/armstrongyregion.com.ar\/diario\/wp-content\/uploads\/2018\/09\/gusti-garzon-.jpg\"><img loading=\"lazy\" decoding=\"async\" src=\"http:\/\/armstrongyregion.com.ar\/diario\/wp-content\/uploads\/2018\/09\/gusti-garzon-.jpg\" alt=\"gusti-garzon-\" width=\"768\" height=\"373\" class=\"alignnone size-full wp-image-18737\" srcset=\"https:\/\/armstrongyregion.com.ar\/diario\/wp-content\/uploads\/2018\/09\/gusti-garzon-.jpg 768w, https:\/\/armstrongyregion.com.ar\/diario\/wp-content\/uploads\/2018\/09\/gusti-garzon--300x146.jpg 300w\" sizes=\"auto, (max-width: 768px) 100vw, 768px\" \/><\/a>La din\u00e1mica del Seminario, dirigido a actores, estudiantes de teatro, docentes y p\u00fablico en general que sintieran curiosidad por el arte de actuar, se bas\u00f3 en la relaci\u00f3n del actor con el texto, trabajando a partir de textos inventados o memorizados por los asistentes.<\/p>\n","protected":false},"excerpt":{"rendered":"<p>Este mi\u00e9rcoles por la tarde, el reconocido actor, escritor, docente, cineasta y director, dict\u00f3 un seminario intensivo de actuaci\u00f3n en el Auditorio dela Biblioteca Rivadavia de Ca\u00f1ada de G\u00f3mez. El mismo se realiz\u00f3 a beneficio del Grupo de Teatro Vocacional San Pedro y fue auspiciado por Hugo Jes\u00fas Rasetto y los concejales Mat\u00edas Chale y <a href=\"https:\/\/armstrongyregion.com.ar\/diario\/gustavo-garzon-paso-por-canada-de-gomez\/\" title=\"Read more\" >&#8230;<\/a><\/p>\n","protected":false},"author":1,"featured_media":18736,"comment_status":"open","ping_status":"open","sticky":false,"template":"","format":"standard","meta":{"_jetpack_memberships_contains_paid_content":false,"footnotes":"","jetpack_publicize_message":"","jetpack_publicize_feature_enabled":true,"jetpack_social_post_already_shared":false,"jetpack_social_options":{"image_generator_settings":{"template":"highway","default_image_id":0,"enabled":false},"version":2}},"categories":[6,8,1,3],"tags":[163,19,7128,164,7127,932,60],"class_list":["post-18735","post","type-post","status-publish","format-standard","has-post-thumbnail","hentry","category-cultura-entretenimiento","category-deliberando","category-diario-armstrong","category-region","tag-canada","tag-de","tag-garzon","tag-gomez","tag-gustavo","tag-paso","tag-por"],"jetpack_publicize_connections":[],"jetpack_featured_media_url":"https:\/\/armstrongyregion.com.ar\/diario\/wp-content\/uploads\/2018\/09\/Gusti-Garzon-2-.jpg","jetpack_shortlink":"https:\/\/wp.me\/p62QDO-4Sb","jetpack_sharing_enabled":true,"amp_enabled":true,"_links":{"self":[{"href":"https:\/\/armstrongyregion.com.ar\/diario\/wp-json\/wp\/v2\/posts\/18735","targetHints":{"allow":["GET"]}}],"collection":[{"href":"https:\/\/armstrongyregion.com.ar\/diario\/wp-json\/wp\/v2\/posts"}],"about":[{"href":"https:\/\/armstrongyregion.com.ar\/diario\/wp-json\/wp\/v2\/types\/post"}],"author":[{"embeddable":true,"href":"https:\/\/armstrongyregion.com.ar\/diario\/wp-json\/wp\/v2\/users\/1"}],"replies":[{"embeddable":true,"href":"https:\/\/armstrongyregion.com.ar\/diario\/wp-json\/wp\/v2\/comments?post=18735"}],"version-history":[{"count":0,"href":"https:\/\/armstrongyregion.com.ar\/diario\/wp-json\/wp\/v2\/posts\/18735\/revisions"}],"wp:featuredmedia":[{"embeddable":true,"href":"https:\/\/armstrongyregion.com.ar\/diario\/wp-json\/wp\/v2\/media\/18736"}],"wp:attachment":[{"href":"https:\/\/armstrongyregion.com.ar\/diario\/wp-json\/wp\/v2\/media?parent=18735"}],"wp:term":[{"taxonomy":"category","embeddable":true,"href":"https:\/\/armstrongyregion.com.ar\/diario\/wp-json\/wp\/v2\/categories?post=18735"},{"taxonomy":"post_tag","embeddable":true,"href":"https:\/\/armstrongyregion.com.ar\/diario\/wp-json\/wp\/v2\/tags?post=18735"}],"curies":[{"name":"wp","href":"https:\/\/api.w.org\/{rel}","templated":true}]}}