{"id":18725,"date":"2018-09-19T12:05:34","date_gmt":"2018-09-19T12:05:34","guid":{"rendered":"https:\/\/armstrongyregion.com.ar\/diario\/?p=18725"},"modified":"2018-09-19T12:05:34","modified_gmt":"2018-09-19T12:05:34","slug":"municipalidad-y-centro-de-estimulacion-temprana-dictaran-taller-de-porto","status":"publish","type":"post","link":"https:\/\/armstrongyregion.com.ar\/diario\/municipalidad-y-centro-de-estimulacion-temprana-dictaran-taller-de-porto\/","title":{"rendered":"Municipalidad y centro de estimulaci\u00f3n temprana dictar\u00e1n taller de porto"},"content":{"rendered":"<p>Ser\u00e1 este jueves en Casa del Bicentenario desde las 14 hs. dictado por Sof\u00eda Pr\u00edncipe y Lucrecia Pr\u00edncipe.<\/p>\n<p>La municipalidad de Ca\u00f1ada de G\u00f3mez y el Centro de Estimulaci\u00f3n Temprana invitan al taller de porteo que se realizar\u00e1 este jueves 20 de septiembre en Casa del Bicentenario desde las 14 hs., a cargo de Sof\u00eda Pr\u00edncipe y Lucrecia Pr\u00edncipe, para abordar las ventajas de este sistema para llevar al beb\u00e9 asegurando un contacto constante entre el beb\u00e9 y el porteador.<\/p>\n","protected":false},"excerpt":{"rendered":"<p>Ser\u00e1 este jueves en Casa del Bicentenario desde las 14 hs. dictado por Sof\u00eda Pr\u00edncipe y Lucrecia Pr\u00edncipe. La municipalidad de Ca\u00f1ada de G\u00f3mez y el Centro de Estimulaci\u00f3n Temprana invitan al taller de porteo que se realizar\u00e1 este jueves 20 de septiembre en Casa del Bicentenario desde las 14 hs., a cargo de Sof\u00eda <a href=\"https:\/\/armstrongyregion.com.ar\/diario\/municipalidad-y-centro-de-estimulacion-temprana-dictaran-taller-de-porto\/\" title=\"Read more\" >&#8230;<\/a><\/p>\n","protected":false},"author":2,"featured_media":18726,"comment_status":"open","ping_status":"open","sticky":false,"template":"","format":"standard","meta":{"_jetpack_memberships_contains_paid_content":false,"footnotes":"","jetpack_publicize_message":"","jetpack_publicize_feature_enabled":true,"jetpack_social_post_already_shared":false,"jetpack_social_options":{"image_generator_settings":{"template":"highway","default_image_id":0,"enabled":false},"version":2}},"categories":[1,2],"tags":[],"class_list":["post-18725","post","type-post","status-publish","format-standard","has-post-thumbnail","hentry","category-diario-armstrong","category-locales"],"jetpack_publicize_connections":[],"jetpack_featured_media_url":"https:\/\/armstrongyregion.com.ar\/diario\/wp-content\/uploads\/2018\/09\/WhatsApp-Image-2018-09-18-at-10.54.34.jpeg","jetpack_shortlink":"https:\/\/wp.me\/p62QDO-4S1","jetpack_sharing_enabled":true,"amp_enabled":true,"_links":{"self":[{"href":"https:\/\/armstrongyregion.com.ar\/diario\/wp-json\/wp\/v2\/posts\/18725","targetHints":{"allow":["GET"]}}],"collection":[{"href":"https:\/\/armstrongyregion.com.ar\/diario\/wp-json\/wp\/v2\/posts"}],"about":[{"href":"https:\/\/armstrongyregion.com.ar\/diario\/wp-json\/wp\/v2\/types\/post"}],"author":[{"embeddable":true,"href":"https:\/\/armstrongyregion.com.ar\/diario\/wp-json\/wp\/v2\/users\/2"}],"replies":[{"embeddable":true,"href":"https:\/\/armstrongyregion.com.ar\/diario\/wp-json\/wp\/v2\/comments?post=18725"}],"version-history":[{"count":0,"href":"https:\/\/armstrongyregion.com.ar\/diario\/wp-json\/wp\/v2\/posts\/18725\/revisions"}],"wp:featuredmedia":[{"embeddable":true,"href":"https:\/\/armstrongyregion.com.ar\/diario\/wp-json\/wp\/v2\/media\/18726"}],"wp:attachment":[{"href":"https:\/\/armstrongyregion.com.ar\/diario\/wp-json\/wp\/v2\/media?parent=18725"}],"wp:term":[{"taxonomy":"category","embeddable":true,"href":"https:\/\/armstrongyregion.com.ar\/diario\/wp-json\/wp\/v2\/categories?post=18725"},{"taxonomy":"post_tag","embeddable":true,"href":"https:\/\/armstrongyregion.com.ar\/diario\/wp-json\/wp\/v2\/tags?post=18725"}],"curies":[{"name":"wp","href":"https:\/\/api.w.org\/{rel}","templated":true}]}}