{"id":18706,"date":"2018-09-16T19:35:23","date_gmt":"2018-09-16T19:35:23","guid":{"rendered":"https:\/\/armstrongyregion.com.ar\/diario\/?p=18706"},"modified":"2018-09-16T14:43:07","modified_gmt":"2018-09-16T14:43:07","slug":"velan-los-restos-del-ex-gobernador-cordobes-jose-manuel-de-la-sota","status":"publish","type":"post","link":"https:\/\/armstrongyregion.com.ar\/diario\/velan-los-restos-del-ex-gobernador-cordobes-jose-manuel-de-la-sota\/","title":{"rendered":"Velan los restos del ex gobernador cordob\u00e9s, Jos\u00e9 Manuel De la Sota"},"content":{"rendered":"<p>El dirigente del PJ falleci\u00f3 este s\u00e1bado a la noche en un choque con su auto por la ruta 36. Ten\u00eda 69 a\u00f1os y preparaba su regreso al escenario pol\u00edtico. El velatorio comenz\u00f3 este domingo a las 9 de la ma\u00f1ana en la sede del gobierno cordob\u00e9s. Declararon cinco d\u00edas de duelo en la provincia vecina<\/p>\n<p>Los restos del ex gobernador cordob\u00e9s y ex candidato presidencial, Jos\u00e9 Manuel de la Sota, eran velados desde las 9 de este domingo en el Centro C\u00edvico del Bicentenario de la ciudad de C\u00f3rdoba, sede del gobierno provincial. El velorio se extender\u00e1 hasta las 11 del lunes, informaron medios de la capital mediterr\u00e1nea.<\/p>\n<p>El funeral permanec\u00eda abierto a todo el p\u00fablico y sus restos ser\u00e1n depositados en un pante\u00f3n familiar, informaron desde el gobierno de C\u00f3rdoba.<\/p>\n<p>De la Sota falleci\u00f3 el s\u00e1bado por la noche en un siniestro vial cuando conduc\u00eda su auto por la autov\u00eda 36, que une la ciudad de C\u00f3rdoba con R\u00edo Cuarto.<\/p>\n<p>Su camioneta, marca Volvo, impact\u00f3 en la parte trasera de un cami\u00f3n que se conduc\u00eda a la altura del cruce de Altos Fierro.<\/p>\n<p>Desde la Polic\u00eda confirmaron que el ex mandatario y fundador de Uni\u00f3n por C\u00f3rdoba muri\u00f3 en el acto.<\/p>\n<p>Su muerte gener\u00f3 conmoci\u00f3n en el mundo pol\u00edtico argentino. Dirigentes de todo el pa\u00eds emitieron sus condolencias y mensajes de saludo a la familia.<\/p>\n<p>El gobierno de C\u00f3rdoba emiti\u00f3 un comunicado en el que lament\u00f3 el fallecimiento y decret\u00f3 cinco d\u00edas de duelo de car\u00e1cter simb\u00f3lico, ya que los organismos p\u00fablicos y colegios abrir\u00e1n sus puertas con normalidad.  <\/p>\n<p>Fuete: www.rosario3.com<\/p>\n","protected":false},"excerpt":{"rendered":"<p>El dirigente del PJ falleci\u00f3 este s\u00e1bado a la noche en un choque con su auto por la ruta 36. Ten\u00eda 69 a\u00f1os y preparaba su regreso al escenario pol\u00edtico. El velatorio comenz\u00f3 este domingo a las 9 de la ma\u00f1ana en la sede del gobierno cordob\u00e9s. Declararon cinco d\u00edas de duelo en la provincia <a href=\"https:\/\/armstrongyregion.com.ar\/diario\/velan-los-restos-del-ex-gobernador-cordobes-jose-manuel-de-la-sota\/\" title=\"Read more\" >&#8230;<\/a><\/p>\n","protected":false},"author":2,"featured_media":18709,"comment_status":"open","ping_status":"open","sticky":false,"template":"","format":"standard","meta":{"_jetpack_memberships_contains_paid_content":false,"footnotes":"","jetpack_publicize_message":"","jetpack_publicize_feature_enabled":true,"jetpack_social_post_already_shared":false,"jetpack_social_options":{"image_generator_settings":{"template":"highway","default_image_id":0,"enabled":false},"version":2}},"categories":[1,7],"tags":[],"class_list":["post-18706","post","type-post","status-publish","format-standard","has-post-thumbnail","hentry","category-diario-armstrong","category-politica"],"jetpack_publicize_connections":[],"jetpack_featured_media_url":"https:\/\/armstrongyregion.com.ar\/diario\/wp-content\/uploads\/2018\/09\/de-la-sota.jpg","jetpack_shortlink":"https:\/\/wp.me\/p62QDO-4RI","jetpack_sharing_enabled":true,"amp_enabled":true,"_links":{"self":[{"href":"https:\/\/armstrongyregion.com.ar\/diario\/wp-json\/wp\/v2\/posts\/18706","targetHints":{"allow":["GET"]}}],"collection":[{"href":"https:\/\/armstrongyregion.com.ar\/diario\/wp-json\/wp\/v2\/posts"}],"about":[{"href":"https:\/\/armstrongyregion.com.ar\/diario\/wp-json\/wp\/v2\/types\/post"}],"author":[{"embeddable":true,"href":"https:\/\/armstrongyregion.com.ar\/diario\/wp-json\/wp\/v2\/users\/2"}],"replies":[{"embeddable":true,"href":"https:\/\/armstrongyregion.com.ar\/diario\/wp-json\/wp\/v2\/comments?post=18706"}],"version-history":[{"count":0,"href":"https:\/\/armstrongyregion.com.ar\/diario\/wp-json\/wp\/v2\/posts\/18706\/revisions"}],"wp:featuredmedia":[{"embeddable":true,"href":"https:\/\/armstrongyregion.com.ar\/diario\/wp-json\/wp\/v2\/media\/18709"}],"wp:attachment":[{"href":"https:\/\/armstrongyregion.com.ar\/diario\/wp-json\/wp\/v2\/media?parent=18706"}],"wp:term":[{"taxonomy":"category","embeddable":true,"href":"https:\/\/armstrongyregion.com.ar\/diario\/wp-json\/wp\/v2\/categories?post=18706"},{"taxonomy":"post_tag","embeddable":true,"href":"https:\/\/armstrongyregion.com.ar\/diario\/wp-json\/wp\/v2\/tags?post=18706"}],"curies":[{"name":"wp","href":"https:\/\/api.w.org\/{rel}","templated":true}]}}