{"id":18704,"date":"2018-09-16T14:35:27","date_gmt":"2018-09-16T14:35:27","guid":{"rendered":"https:\/\/armstrongyregion.com.ar\/diario\/?p=18704"},"modified":"2018-09-16T14:35:27","modified_gmt":"2018-09-16T14:35:27","slug":"pullaro-entrego-cinco-nuevos-moviles-para-casilda","status":"publish","type":"post","link":"https:\/\/armstrongyregion.com.ar\/diario\/pullaro-entrego-cinco-nuevos-moviles-para-casilda\/","title":{"rendered":"Pullaro entreg\u00f3 cinco nuevos m\u00f3viles para Casilda"},"content":{"rendered":"<p>Adem\u00e1s entreg\u00f3 uniformes para los efectivos policiales de la Unidad Regional IV.<\/p>\n<p>Durante la ma\u00f1ana de este viernes, el ministro de Seguridad Maximiliano Pullaro estuvo presente en la localidad de Casilda para hacer entrega de cinco nuevos m\u00f3viles policiales para mejorar la presencia en el territorio. Anunci\u00f3 que en los pr\u00f3ximos d\u00edas arribar\u00e1 un sexto veh\u00edculo de los denominados inteligentes que cuenta con una tablet militar y acceso al sistema de capturas Condor y la Central Analitica OJO, ubicada en Rosario. Hicieron entrega, adem\u00e1s, de 288 uniformes para los efectivos de la Unidad Regional IV.<\/p>\n<p>El ministro Pullaro cont\u00f3 que las unidades Ford Focus son veh\u00edculos espec\u00edficamente dise\u00f1ados para cumplir con la tarea de un patrullero policial y explic\u00f3 las modificaciones realizadas \u201cpara que no fueran simples autos pintados de negro\u201d y asegur\u00f3: \u201cSe est\u00e1 cumpliendo con algunas de las premisas que nos pidi\u00f3 el Gobierno de Santa Fe, para tener la mejor polic\u00eda del pa\u00eds\u201d. <\/p>\n<p>Para cumplir con este objetivo, Maximiliano Pullaro explic\u00f3 que se comenz\u00f3 por trabajar en las demandas que ten\u00eda la polic\u00eda: \u201cTen\u00edamos que trabajar mucho en el equipamiento, empezar a pensar y dise\u00f1ar un prototipo de patrullero y pedirle a las automotrices que los puedan crear\u201d. Asimismo, los veh\u00edculos cuentan con modificaciones en el alternador, en la suspensi\u00f3n, el habit\u00e1culo se encuentra modificado, el asiento trasero es de fibra de vidrio, f\u00e1cilmente lavable, en caso de derrame de fluidos, cuenta con faro busca huellas, entre otras adaptaciones. Adem\u00e1s, Pullaro asegur\u00f3: \u201cEl patrullero que se entregar\u00e1 pr\u00f3ximamente, que est\u00e1 siendo ensamblado, viene con la incorporaci\u00f3n de una tablet militar que permite llevar adelante identificaciones en espect\u00e1culos masivos\u201d.<\/p>\n<p>En cuanto a los uniformes policiales que se entregaron para la Unidad Regional, Pullaro record\u00f3 que: \u201cEs la primera vez, despu\u00e9s de 40 a\u00f1os que cada uniformado de la polic\u00eda de Santa Fe tiene cada una de sus prendas. Estamos trabajando mucho para cumplir con el objetivo que nos dio el Gobernador Miguel Lifschitz y el Vicegobernador, Carlos Fascendini, de tener la mejor polic\u00eda de la Rep\u00fablica Argentina\u201d.<\/p>\n<p>Asimismo, el responsable de la cartera de seguridad explic\u00f3 que se est\u00e1 trabajando en la nueva licitaci\u00f3n para el refuerzo de las prendas que se entregaron este a\u00f1o y tambi\u00e9n para que el personal policial pueda tener el uniforme formal.<\/p>\n<p>\u201cEs un gusto poder entregar estos m\u00f3viles nuevos y el uniforme porque son el fruto de un trabajo que llev\u00f3 mucho tiempo. Nos enorgullece much\u00edsimo que lo puedan utilizar, y que con estos m\u00f3viles haya un impacto positivo en la seguridad p\u00fablica de este departamento\u201d.<\/p>\n<p>El Intendente de la localidad Juan Jos\u00e9 Sarasola agradeci\u00f3 en primer lugar la marcada presencia que tiene el gobierno de Santa Fe en su distrito y destac\u00f3 el apoyo que su gesti\u00f3n recibe de parte del Ministerio de Seguridad desde que asumi\u00f3 al frente de la Municipalidad.<\/p>\n<p>Adem\u00e1s record\u00f3 que desde Diciembre de 2015, en un trabajo coordinado con el ministro Maximiliano Pullaro, pudieron ampliar la cantidad de herramientas que el vecino tiene a disposici\u00f3n en materia de seguridad como la inauguraci\u00f3n del 911, la puesta en funcionamiento del Sistema de Monitoreo, que \u201ccuando nosotros asumimos no funcionaba y no solo lo pusimos a funcionar otra vez sino que tambi\u00e9n pudimos ampliarlo gracias a la adquisici\u00f3n de un nuevo software y la adquisici\u00f3n de m\u00e1s c\u00e1maras\u201d.<\/p>\n<p>Agradeci\u00f3 adem\u00e1s la llegada de los nuevos patrulleros y record\u00f3 que hace poco tiempo atr\u00e1s, la ciudad se hab\u00eda visto beneficiada con el arribo de nuevas camionetas Pick Up. No olvid\u00f3 mencionar la presencia del estado en distintos barrios y el trabajo conjunto entre la Secretar\u00eda de Seguridad Comunitaria del Ministerio de Seguridad, el Ministerio de Desarrollo Social, a cargo de Jorge \u00c1lvarez, y la Municipalidad en barrio Nueva Roma, donde se hab\u00edan desatado distintos hechos de violencia, y el reciente aporte de fondos a trav\u00e9s del programa \u201cV\u00ednculos\u201d, monitoreado por Juan Cruz C\u00e1ndido, Director de Programaci\u00f3n Territorial de la cartera de Seguridad provincial, para realizar obras de iluminaci\u00f3n.<\/p>\n<p>Marcelo Albornoz, Jefe de Unidad Regional VI, dijo: \u201cEl compromiso mostrado a lo largo de toda la gesti\u00f3n del Ministro Pullaro con la provisi\u00f3n de equipamiento para la Polic\u00eda de la Provincia y, en particular para con esta Unidad Regional, hoy se ve plasmado en esta entrega de uniformes que viene a satisfacer una de las necesidades b\u00e1sicas del personal policial para el cumplimiento de sus labores, que responde a sus necesidades y a las del servicio. Para su dise\u00f1o se han conformado equipos de trabajo en el que han intervenido tanto funcionarios provinciales como personal policial. Se ha escuchado la necesidad de la fuerza en el dise\u00f1o y confecci\u00f3n de las prendas, y junto con una correcta administraci\u00f3n de los recursos, se ha logrado confeccionar uniformes con certificaci\u00f3n de calidad, extendida por una organismo nacional\u201d y agreg\u00f3: \u201cUn uniforme no es una prenda cualquiera. El uniforme produce ciertos sentimientos y comportamientos en aquel que lo viste y en aquellos que lo ven desde fuera. Puede producir rechazo, admiraci\u00f3n, disciplina, concentraci\u00f3n, seguridad, falta de iniciativa; depende de la percepci\u00f3n del observador. De todos modos, est\u00e1 claro que los uniformes nunca pasan desapercibidos en nuestra sociedad. Es verdad, el uniforme es ropa. Pero es una ropa con personalidad propia\u00bb.<\/p>\n<p>Presentes:<br \/>\nEn ministro Pullaro estuvo acompa\u00f1ado por el ministro de Desarrollo Social, Jorge \u00c1lvarez, el jefe de Polic\u00eda de Provincia, Marcelo Villanua, el secretario de Control de Fuerzas de Seguridad, David Reniero, el subsecretario de Coordinaci\u00f3n con Gobiernos Locales, Juan Enrique Lombardi, el director de Programaci\u00f3n Territorial del Ministerio de Seguridad, Juan Cruz C\u00e1ndido, el intendente Juan Jos\u00e9 Sarasola, concejales y funcionarios del gabinete ejecutivo municipal<\/p>\n","protected":false},"excerpt":{"rendered":"<p>Adem\u00e1s entreg\u00f3 uniformes para los efectivos policiales de la Unidad Regional IV. Durante la ma\u00f1ana de este viernes, el ministro de Seguridad Maximiliano Pullaro estuvo presente en la localidad de Casilda para hacer entrega de cinco nuevos m\u00f3viles policiales para mejorar la presencia en el territorio. Anunci\u00f3 que en los pr\u00f3ximos d\u00edas arribar\u00e1 un sexto <a href=\"https:\/\/armstrongyregion.com.ar\/diario\/pullaro-entrego-cinco-nuevos-moviles-para-casilda\/\" title=\"Read more\" >&#8230;<\/a><\/p>\n","protected":false},"author":2,"featured_media":18705,"comment_status":"open","ping_status":"open","sticky":false,"template":"","format":"standard","meta":{"_jetpack_memberships_contains_paid_content":false,"footnotes":"","jetpack_publicize_message":"","jetpack_publicize_feature_enabled":true,"jetpack_social_post_already_shared":false,"jetpack_social_options":{"image_generator_settings":{"template":"highway","default_image_id":0,"enabled":false},"version":2}},"categories":[1,7],"tags":[],"class_list":["post-18704","post","type-post","status-publish","format-standard","has-post-thumbnail","hentry","category-diario-armstrong","category-politica"],"jetpack_publicize_connections":[],"jetpack_featured_media_url":"https:\/\/armstrongyregion.com.ar\/diario\/wp-content\/uploads\/2018\/09\/IMG_4492.jpg","jetpack_shortlink":"https:\/\/wp.me\/p62QDO-4RG","jetpack_sharing_enabled":true,"amp_enabled":true,"_links":{"self":[{"href":"https:\/\/armstrongyregion.com.ar\/diario\/wp-json\/wp\/v2\/posts\/18704","targetHints":{"allow":["GET"]}}],"collection":[{"href":"https:\/\/armstrongyregion.com.ar\/diario\/wp-json\/wp\/v2\/posts"}],"about":[{"href":"https:\/\/armstrongyregion.com.ar\/diario\/wp-json\/wp\/v2\/types\/post"}],"author":[{"embeddable":true,"href":"https:\/\/armstrongyregion.com.ar\/diario\/wp-json\/wp\/v2\/users\/2"}],"replies":[{"embeddable":true,"href":"https:\/\/armstrongyregion.com.ar\/diario\/wp-json\/wp\/v2\/comments?post=18704"}],"version-history":[{"count":0,"href":"https:\/\/armstrongyregion.com.ar\/diario\/wp-json\/wp\/v2\/posts\/18704\/revisions"}],"wp:featuredmedia":[{"embeddable":true,"href":"https:\/\/armstrongyregion.com.ar\/diario\/wp-json\/wp\/v2\/media\/18705"}],"wp:attachment":[{"href":"https:\/\/armstrongyregion.com.ar\/diario\/wp-json\/wp\/v2\/media?parent=18704"}],"wp:term":[{"taxonomy":"category","embeddable":true,"href":"https:\/\/armstrongyregion.com.ar\/diario\/wp-json\/wp\/v2\/categories?post=18704"},{"taxonomy":"post_tag","embeddable":true,"href":"https:\/\/armstrongyregion.com.ar\/diario\/wp-json\/wp\/v2\/tags?post=18704"}],"curies":[{"name":"wp","href":"https:\/\/api.w.org\/{rel}","templated":true}]}}