{"id":18693,"date":"2018-09-13T20:02:22","date_gmt":"2018-09-13T20:02:22","guid":{"rendered":"https:\/\/armstrongyregion.com.ar\/diario\/?p=18693"},"modified":"2018-09-13T20:02:22","modified_gmt":"2018-09-13T20:02:22","slug":"clerici-recibio-al-ministro-garibay-para-recorrer-presa-retardadora-de-zona-norte","status":"publish","type":"post","link":"https:\/\/armstrongyregion.com.ar\/diario\/clerici-recibio-al-ministro-garibay-para-recorrer-presa-retardadora-de-zona-norte\/","title":{"rendered":"Cl\u00e9rici recibi\u00f3 al ministro Garibay para recorrer presa retardadora de zona Norte"},"content":{"rendered":"<p>El ministro de Infraestructura de la provincia destac\u00f3 el avance que<br \/>\npresenta la obra ubicada detr\u00e1s del nuevo campo de deportes del Sport<br \/>\nClub.<\/p>\n<p>La intendenta Stella Cl\u00e9rici recibi\u00f3 al ministro de Infraestructura<br \/>\nJos\u00e9 Garibay para recorrer el avance de obra en la presa retardadora de<br \/>\ncrecidas cuenca Alem \u2013 cierre Sport Club, en la zona norte de la ciudad.<br \/>\nEn esta etapa se est\u00e1n coloc\u00e1ndo los 500 m\u00f3dulos prefabricados para el<br \/>\nencauce de las aguas, formando un desag\u00fce de 800 metros. \u201cSigue<br \/>\navanzando esta obra important\u00edsima para un amplio sector de la ciudad<br \/>\nque se puede llevar a cabo a partir del trabajo conjunto entre municipio<br \/>\ny provincia\u201d, destac\u00f3 Cl\u00e9rici.<\/p>\n","protected":false},"excerpt":{"rendered":"<p>El ministro de Infraestructura de la provincia destac\u00f3 el avance que presenta la obra ubicada detr\u00e1s del nuevo campo de deportes del Sport Club. La intendenta Stella Cl\u00e9rici recibi\u00f3 al ministro de Infraestructura Jos\u00e9 Garibay para recorrer el avance de obra en la presa retardadora de crecidas cuenca Alem \u2013 cierre Sport Club, en la <a href=\"https:\/\/armstrongyregion.com.ar\/diario\/clerici-recibio-al-ministro-garibay-para-recorrer-presa-retardadora-de-zona-norte\/\" title=\"Read more\" >&#8230;<\/a><\/p>\n","protected":false},"author":2,"featured_media":18694,"comment_status":"open","ping_status":"open","sticky":false,"template":"","format":"standard","meta":{"_jetpack_memberships_contains_paid_content":false,"footnotes":"","jetpack_publicize_message":"","jetpack_publicize_feature_enabled":true,"jetpack_social_post_already_shared":false,"jetpack_social_options":{"image_generator_settings":{"template":"highway","default_image_id":0,"enabled":false},"version":2}},"categories":[1,7],"tags":[],"class_list":["post-18693","post","type-post","status-publish","format-standard","has-post-thumbnail","hentry","category-diario-armstrong","category-politica"],"jetpack_publicize_connections":[],"jetpack_featured_media_url":"https:\/\/armstrongyregion.com.ar\/diario\/wp-content\/uploads\/2018\/09\/WhatsApp-Image-2018-09-13-at-09.44.45-1.jpeg","jetpack_shortlink":"https:\/\/wp.me\/p62QDO-4Rv","jetpack_sharing_enabled":true,"amp_enabled":true,"_links":{"self":[{"href":"https:\/\/armstrongyregion.com.ar\/diario\/wp-json\/wp\/v2\/posts\/18693","targetHints":{"allow":["GET"]}}],"collection":[{"href":"https:\/\/armstrongyregion.com.ar\/diario\/wp-json\/wp\/v2\/posts"}],"about":[{"href":"https:\/\/armstrongyregion.com.ar\/diario\/wp-json\/wp\/v2\/types\/post"}],"author":[{"embeddable":true,"href":"https:\/\/armstrongyregion.com.ar\/diario\/wp-json\/wp\/v2\/users\/2"}],"replies":[{"embeddable":true,"href":"https:\/\/armstrongyregion.com.ar\/diario\/wp-json\/wp\/v2\/comments?post=18693"}],"version-history":[{"count":0,"href":"https:\/\/armstrongyregion.com.ar\/diario\/wp-json\/wp\/v2\/posts\/18693\/revisions"}],"wp:featuredmedia":[{"embeddable":true,"href":"https:\/\/armstrongyregion.com.ar\/diario\/wp-json\/wp\/v2\/media\/18694"}],"wp:attachment":[{"href":"https:\/\/armstrongyregion.com.ar\/diario\/wp-json\/wp\/v2\/media?parent=18693"}],"wp:term":[{"taxonomy":"category","embeddable":true,"href":"https:\/\/armstrongyregion.com.ar\/diario\/wp-json\/wp\/v2\/categories?post=18693"},{"taxonomy":"post_tag","embeddable":true,"href":"https:\/\/armstrongyregion.com.ar\/diario\/wp-json\/wp\/v2\/tags?post=18693"}],"curies":[{"name":"wp","href":"https:\/\/api.w.org\/{rel}","templated":true}]}}