{"id":18643,"date":"2018-09-07T20:06:46","date_gmt":"2018-09-07T20:06:46","guid":{"rendered":"https:\/\/armstrongyregion.com.ar\/diario\/?p=18643"},"modified":"2018-09-07T20:06:46","modified_gmt":"2018-09-07T20:06:46","slug":"el-ministro-pullaro-entrego-aportes-de-vinculos-a-18-localidades-de-la-provincia","status":"publish","type":"post","link":"https:\/\/armstrongyregion.com.ar\/diario\/el-ministro-pullaro-entrego-aportes-de-vinculos-a-18-localidades-de-la-provincia\/","title":{"rendered":"El ministro Pullaro entreg\u00f3 aportes de V\u00ednculos a 18 localidades de la provincia"},"content":{"rendered":"<p>\u201cEstamos convencidos que si todos ponemos fuerza la situaci\u00f3n seguir\u00e1 mejorando\u201d<\/p>\n<p>As\u00ed lo afirm\u00f3 el ministro de Seguridad de Santa Fe, Maximiliano Pullaro, en el marco de entrega de aportes del programa \u201cVinculos\u201d a 18 localidades del centro y sur de la provincia.<\/p>\n<p>Durante la ma\u00f1ana de este jueves en Rosario, el ministro de Seguridad Maximiliano Pullaro convoc\u00f3 a referentes de 18 localidades del centro y sur de la provincia de Santa Fe para hacer entrega de aportes del programa \u201cV\u00ednculos\u201d por un monto total de $3.764.629,28. Adem\u00e1s valor\u00f3 el trabajo conjunto que se realiza con cada localidad para enfrentar a la delincuencia y as\u00ed mejorar la calidad de vida de los vecinos de la provincia.<\/p>\n<p>El ministro Pullaro destac\u00f3 en cada oportunidad que pudo el trabajo mancomunado que se realiza con cada localidad de la provincia de Santa Fe desde que asumi\u00f3 al frente del Ministerio de Seguridad y remarc\u00f3 que \u201ces muy importante que entendamos que la seguridad, m\u00e1s all\u00e1 de que es una responsabilidad absoluta del Gobierno de la provincia de Santa Fe, requiere del involucramiento de los gobiernos locales\u201d y de la elaboraci\u00f3n de proyectos que tienen que ver con la construcci\u00f3n de seguridad lo que \u201cnos permite trabajar de manera mancomunada contra el problema de la seguridad p\u00fablica\u201d.<\/p>\n<p>As\u00ed mismo se\u00f1al\u00f3 que \u201ccuando vemos intendentes que est\u00e1n comprometidos, que saben que el problema es de la provincia pero se suman a ayudar y colaborar, nos alegra porque es importante el trabajo mancomunado para darle respuesta al vecino\u201d y agreg\u00f3 \u201cestamos convencidos que si todos ponemos fuerza en esto la cosa puede mejorar c\u00f3mo mejor\u00f3 en algunos puntos de la provincia\u201d.<\/p>\n<p>Frente a los intendentes, presidentes comunales y minor\u00edas comunales de los departamentos Belgrano, Caseros, General Lopez, Las Colonias, Rosario, San Jer\u00f3nimo, San Lorenzo y San Mart\u00edn, Pullaro hizo un recorrido por los distintos pilares de su gesti\u00f3n e hizo hincapi\u00e9 en las profundas reformas que encararon desde el 10 de Diciembre del 2015, \u201cdesde que asumimos llevamos adelante un profundo plan de reforma policial entendiendo que no es la \u00fanica variable para que pueda mejorar la seguridad porque mucho de esto tiene que ver con la Justicia, donde damos debates para que la Justicia tambi\u00e9n lleve adelante procesos de reforma y transformaci\u00f3n como lo lleva adelante el Ejecutivo a trav\u00e9s de la Polic\u00eda de Santa Fe. Trabajamos mucho en estas reformas y esperamos que la Justicia lleve adelante las reformas que tiene que llevar adelante con cambios de paradigma jurisprudenciales fundamentalmente\u201d.<\/p>\n<p>En ese sentido Gustavo Puccini, secretario de Coordinaci\u00f3n T\u00e9cnica y Administraci\u00f3n Financiera del Ministerio de Seguridad, remarc\u00f3 que desde el Gobierno de Santa Fe \u201cse est\u00e1 haciendo una fuerte inversi\u00f3n en materia de seguridad, desde que asumimos la gesti\u00f3n con el ministro Pullaro llevamos m\u00e1s de $1.800 millones de pesos solo en equipamiento para la Polic\u00eda y en todo lo que tiene ver con el programa V\u00ednculos y de refacci\u00f3n de comisar\u00edas, eso habla de que para la agenda del Gobierno provincial la seguridad fue una prioridad desde el inicio, lo sigue siendo y lo va a seguir siendo pero nosotros en este punto de inversi\u00f3n hacemos una aclaraci\u00f3n que tiene que ver con la calidad de la inversi\u00f3n\u201d.<\/p>\n<p>Por su parte, el director de Programaci\u00f3n Territorial del Ministerio, Juan Cruz C\u00e1ndido, remarc\u00f3 la presencia del estado santafesino que en una situaci\u00f3n de coyuntura macroecon\u00f3mica compleja \u201cno deja de invertir, de apoyar a cada localidad para mejorar la seguridad. Es importante que cada municipio y comuna participe de este programa ya que permite \u201cque cada localidad asuma un rol concreto en la pelea contra la inseguridad mejorando espacios p\u00fablicos, sumando iluminaci\u00f3n, ampliando los sistemas de monitoreo\u201d y agreg\u00f3 \u201cpara lograr mejoras en materia de seguridad es importante que se trabaje codo a codo, poniendo a disposici\u00f3n de los vecinos los recursos que tiene el Estado\u201d.<\/p>\n<p>Estuvieron presentes las autoridades de Villa Gobernador Galvez, Casilda, Teodelina, Cha\u00f1ar Ladeado, Las Parejas, Wheelwright, Labordeboy, San Carlos Sud, Coronel Dominguez, Pueblo Mu\u00f1oz, Soldini, Alvarez, Perez, Fighiera, Carmen del Sauce, Gessler, Fuentes y Colonia Belgrano.<\/p>\n<p>El programa \u201cV\u00ednculos\u201d busca impulsar pol\u00edticas p\u00fablicas de prevenci\u00f3n social de la violencia y el delito en las localidades de la provincia de Santa Fe, a partir de la elaboraci\u00f3n de un diagn\u00f3stico que permita caracterizar la problem\u00e1tica de la seguridad a nivel local y regional.<\/p>\n<p>Para cumplir con este objetivo, se brindan herramientas para el fortalecimiento de las capacidades locales para diagn\u00f3stico, dise\u00f1o, implementaci\u00f3n y evaluaci\u00f3n de pol\u00edticas p\u00fablicas en materia de prevenci\u00f3n social de violencia y delitos, y el acompa\u00f1amiento t\u00e9cnico-financiero para la ejecuci\u00f3n de las pol\u00edticas que se adec\u00faan a los objetivos del programa, a trav\u00e9s del Fondo de Asistencia a la Seguridad P\u00fablica y Prevenci\u00f3n Ciudadana.<\/p>\n","protected":false},"excerpt":{"rendered":"<p>\u201cEstamos convencidos que si todos ponemos fuerza la situaci\u00f3n seguir\u00e1 mejorando\u201d As\u00ed lo afirm\u00f3 el ministro de Seguridad de Santa Fe, Maximiliano Pullaro, en el marco de entrega de aportes del programa \u201cVinculos\u201d a 18 localidades del centro y sur de la provincia. Durante la ma\u00f1ana de este jueves en Rosario, el ministro de Seguridad <a href=\"https:\/\/armstrongyregion.com.ar\/diario\/el-ministro-pullaro-entrego-aportes-de-vinculos-a-18-localidades-de-la-provincia\/\" title=\"Read more\" >&#8230;<\/a><\/p>\n","protected":false},"author":2,"featured_media":18644,"comment_status":"open","ping_status":"open","sticky":false,"template":"","format":"standard","meta":{"_jetpack_memberships_contains_paid_content":false,"footnotes":"","jetpack_publicize_message":"","jetpack_publicize_feature_enabled":true,"jetpack_social_post_already_shared":false,"jetpack_social_options":{"image_generator_settings":{"template":"highway","default_image_id":0,"enabled":false},"version":2}},"categories":[1,7],"tags":[],"class_list":["post-18643","post","type-post","status-publish","format-standard","has-post-thumbnail","hentry","category-diario-armstrong","category-politica"],"jetpack_publicize_connections":[],"jetpack_featured_media_url":"https:\/\/armstrongyregion.com.ar\/diario\/wp-content\/uploads\/2018\/09\/IMG_4993.jpg","jetpack_shortlink":"https:\/\/wp.me\/p62QDO-4QH","jetpack_sharing_enabled":true,"amp_enabled":true,"_links":{"self":[{"href":"https:\/\/armstrongyregion.com.ar\/diario\/wp-json\/wp\/v2\/posts\/18643","targetHints":{"allow":["GET"]}}],"collection":[{"href":"https:\/\/armstrongyregion.com.ar\/diario\/wp-json\/wp\/v2\/posts"}],"about":[{"href":"https:\/\/armstrongyregion.com.ar\/diario\/wp-json\/wp\/v2\/types\/post"}],"author":[{"embeddable":true,"href":"https:\/\/armstrongyregion.com.ar\/diario\/wp-json\/wp\/v2\/users\/2"}],"replies":[{"embeddable":true,"href":"https:\/\/armstrongyregion.com.ar\/diario\/wp-json\/wp\/v2\/comments?post=18643"}],"version-history":[{"count":0,"href":"https:\/\/armstrongyregion.com.ar\/diario\/wp-json\/wp\/v2\/posts\/18643\/revisions"}],"wp:featuredmedia":[{"embeddable":true,"href":"https:\/\/armstrongyregion.com.ar\/diario\/wp-json\/wp\/v2\/media\/18644"}],"wp:attachment":[{"href":"https:\/\/armstrongyregion.com.ar\/diario\/wp-json\/wp\/v2\/media?parent=18643"}],"wp:term":[{"taxonomy":"category","embeddable":true,"href":"https:\/\/armstrongyregion.com.ar\/diario\/wp-json\/wp\/v2\/categories?post=18643"},{"taxonomy":"post_tag","embeddable":true,"href":"https:\/\/armstrongyregion.com.ar\/diario\/wp-json\/wp\/v2\/tags?post=18643"}],"curies":[{"name":"wp","href":"https:\/\/api.w.org\/{rel}","templated":true}]}}