{"id":18623,"date":"2018-09-06T15:32:19","date_gmt":"2018-09-06T15:32:19","guid":{"rendered":"https:\/\/armstrongyregion.com.ar\/diario\/?p=18623"},"modified":"2018-09-06T15:32:19","modified_gmt":"2018-09-06T15:32:19","slug":"el-sabado-corte-de-energia","status":"publish","type":"post","link":"https:\/\/armstrongyregion.com.ar\/diario\/el-sabado-corte-de-energia\/","title":{"rendered":"El s\u00e1bado corte de energ\u00eda"},"content":{"rendered":"<p>La Cooperativa de Provisi\u00f3n de Obras y Servicios p\u00fablicos Ltda de Armstrong anunci\u00f3 un Corte Programado en el suministro de energ\u00eda el\u00e9ctrica, \u00e9ste s\u00e1bado de 13,30 a 16,30 hs. Dicho corte afectar\u00e1 toda la zona sur y gran parte de la zona norte de la Ciudad, donde se ejecutar\u00e1n tareas de mantenimiento preventivo sobre las l\u00edneas de media tensi\u00f3n.<\/p>\n","protected":false},"excerpt":{"rendered":"<p>La Cooperativa de Provisi\u00f3n de Obras y Servicios p\u00fablicos Ltda de Armstrong anunci\u00f3 un Corte Programado en el suministro de energ\u00eda el\u00e9ctrica, \u00e9ste s\u00e1bado de 13,30 a 16,30 hs. Dicho corte afectar\u00e1 toda la zona sur y gran parte de la zona norte de la Ciudad, donde se ejecutar\u00e1n tareas de mantenimiento preventivo sobre las <a href=\"https:\/\/armstrongyregion.com.ar\/diario\/el-sabado-corte-de-energia\/\" title=\"Read more\" >&#8230;<\/a><\/p>\n","protected":false},"author":11,"featured_media":18619,"comment_status":"open","ping_status":"open","sticky":false,"template":"","format":"standard","meta":{"_jetpack_memberships_contains_paid_content":false,"footnotes":"","jetpack_publicize_message":"","jetpack_publicize_feature_enabled":true,"jetpack_social_post_already_shared":false,"jetpack_social_options":{"image_generator_settings":{"template":"highway","default_image_id":0,"enabled":false},"version":2}},"categories":[1,2],"tags":[20,4110,1800],"class_list":["post-18623","post","type-post","status-publish","format-standard","has-post-thumbnail","hentry","category-diario-armstrong","category-locales","tag-armstrong","tag-corte","tag-energia"],"jetpack_publicize_connections":[],"jetpack_featured_media_url":"https:\/\/armstrongyregion.com.ar\/diario\/wp-content\/uploads\/2018\/09\/e4ae0142-4f97-4478-a316-26d6eb998baf.jpg","jetpack_shortlink":"https:\/\/wp.me\/p62QDO-4Qn","jetpack_sharing_enabled":true,"amp_enabled":true,"_links":{"self":[{"href":"https:\/\/armstrongyregion.com.ar\/diario\/wp-json\/wp\/v2\/posts\/18623","targetHints":{"allow":["GET"]}}],"collection":[{"href":"https:\/\/armstrongyregion.com.ar\/diario\/wp-json\/wp\/v2\/posts"}],"about":[{"href":"https:\/\/armstrongyregion.com.ar\/diario\/wp-json\/wp\/v2\/types\/post"}],"author":[{"embeddable":true,"href":"https:\/\/armstrongyregion.com.ar\/diario\/wp-json\/wp\/v2\/users\/11"}],"replies":[{"embeddable":true,"href":"https:\/\/armstrongyregion.com.ar\/diario\/wp-json\/wp\/v2\/comments?post=18623"}],"version-history":[{"count":0,"href":"https:\/\/armstrongyregion.com.ar\/diario\/wp-json\/wp\/v2\/posts\/18623\/revisions"}],"wp:featuredmedia":[{"embeddable":true,"href":"https:\/\/armstrongyregion.com.ar\/diario\/wp-json\/wp\/v2\/media\/18619"}],"wp:attachment":[{"href":"https:\/\/armstrongyregion.com.ar\/diario\/wp-json\/wp\/v2\/media?parent=18623"}],"wp:term":[{"taxonomy":"category","embeddable":true,"href":"https:\/\/armstrongyregion.com.ar\/diario\/wp-json\/wp\/v2\/categories?post=18623"},{"taxonomy":"post_tag","embeddable":true,"href":"https:\/\/armstrongyregion.com.ar\/diario\/wp-json\/wp\/v2\/tags?post=18623"}],"curies":[{"name":"wp","href":"https:\/\/api.w.org\/{rel}","templated":true}]}}