{"id":1855,"date":"2015-04-21T22:13:29","date_gmt":"2015-04-21T22:13:29","guid":{"rendered":"https:\/\/armstrongyregion.com.ar\/diario\/?p=1855"},"modified":"2015-04-21T22:13:29","modified_gmt":"2015-04-21T22:13:29","slug":"crossetti-ya-asumi-el-resultado-electoral-debe-ser-aceptado-con-altura","status":"publish","type":"post","link":"https:\/\/armstrongyregion.com.ar\/diario\/crossetti-ya-asumi-el-resultado-electoral-debe-ser-aceptado-con-altura\/","title":{"rendered":"Crossetti: \u00abYa asum\u00ed el resultado electoral. Debe ser aceptado con altura\u00bb."},"content":{"rendered":"<p><a href=\"http:\/\/armstrongyregion.com.ar\/diario\/wp-content\/uploads\/2015\/04\/crossetti-renacer400.jpg\"><img loading=\"lazy\" decoding=\"async\" class=\"alignnone size-medium wp-image-1856\" src=\"http:\/\/armstrongyregion.com.ar\/diario\/wp-content\/uploads\/2015\/04\/crossetti-renacer400-300x246.jpg\" alt=\"crossetti-renacer400\" width=\"300\" height=\"246\" srcset=\"https:\/\/armstrongyregion.com.ar\/diario\/wp-content\/uploads\/2015\/04\/crossetti-renacer400-300x246.jpg 300w, https:\/\/armstrongyregion.com.ar\/diario\/wp-content\/uploads\/2015\/04\/crossetti-renacer400.jpg 400w\" sizes=\"auto, (max-width: 300px) 100vw, 300px\" \/><\/a>El senador Alberto Crossetti, que no pudo imponer su candidatura a la reelecci\u00f3n en las elecciones primarias del domingo, visit\u00f3 los estudios de Renacer Regional. Preguntado c\u00f3mo le impact\u00f3 el resultado, expres\u00f3 que \u00abYa asum\u00ed que los votantes resolvieron por otra persona. Los cargos no son de uno, y debemos aceptarlo con altura. Tuve triunfos pero nunca me cambiaron, siempre los consider\u00e9 como una oportunidad de trabajo por los dem\u00e1s, y dije que me ir\u00eda si alguna vez me sent\u00eda cansado. No era a\u00fan as\u00ed porque ten\u00eda fuerzas y proyectos para seguir, pero el voto de la gente es inapelable. Y con convencimiento digo que estoy contento por lo importante: la institucionalidad contin\u00faa, la democracia permite expresarse y son los ciudadanos los que resuelven\u00bb.<\/p>\n<p>Otros conceptos<br \/>\n&#8211; Me sorprendieron los guarismos tan bajos obtenidos en Las Rosas. Ten\u00edamos hecha una proyecci\u00f3n de cada una de las localidades del departamento Belgrano, que salieron tal cual o a favor en 5 de ellas, pero claramente en algo fracasamos en Las Rosas, donde pens\u00e1bamos que gan\u00e1bamos con suficiencia. Fue la ciudad donde m\u00e1s hicimos, donde la gesti\u00f3n m\u00e1s luci\u00f3 y m\u00e1s propuestas ten\u00edamos hacia el futuro, pero quiz\u00e1s no lo supimos comunicar correctamente a la comunidad o simplemente se cansaron de ver mi cara.<\/p>\n<p>&#8211; Siempre puse mucha pasi\u00f3n en lo que hago, y desde mi primera elecci\u00f3n como presidente comunal pasaron 32 a\u00f1os. Ahora es tiempo de dedicarse m\u00e1s a la familia, a las actividades particulares. Mi funci\u00f3n de Senador la har\u00e1 ahora otra persona; que ser\u00e1 mejor o peor y la historia sabr\u00e1 juzgar.<\/p>\n<p>&#8211; Tuve siempre claro que las reglas de juego deben aceptarse cuando uno ingresa, como en cualquier actividad que se realice. El pol\u00edtico \u00abentra a la cancha\u00bb sabiendo que es de paso, y que en determinado momento la gente se cansa o siente que la gesti\u00f3n hecha no es de su agrado, y elige por otra persona. Es as\u00ed.<\/p>\n<p>&#8211; No voy a interferir en nada en la acci\u00f3n del futuro senador. Har\u00e9 algunas actividades a trav\u00e9s de la Fundaci\u00f3n Departamento Belgrano (FuDeBe), en acciones de bien, como por ejemplo el programa de calidad alimentaria que estaba en marcha con el Dr. Abel Albino, de la Fundaci\u00f3n CONIN, para atender la desnutrici\u00f3n infantil y la correcta alimentaci\u00f3n temprana de los ni\u00f1os.<\/p>\n","protected":false},"excerpt":{"rendered":"<p>El senador Alberto Crossetti, que no pudo imponer su candidatura a la reelecci\u00f3n en las elecciones primarias del domingo, visit\u00f3 los estudios de Renacer Regional. Preguntado c\u00f3mo le impact\u00f3 el resultado, expres\u00f3 que \u00abYa asum\u00ed que los votantes resolvieron por otra persona. Los cargos no son de uno, y debemos aceptarlo con altura. Tuve triunfos <a href=\"https:\/\/armstrongyregion.com.ar\/diario\/crossetti-ya-asumi-el-resultado-electoral-debe-ser-aceptado-con-altura\/\" title=\"Read more\" >&#8230;<\/a><\/p>\n","protected":false},"author":2,"featured_media":1856,"comment_status":"open","ping_status":"open","sticky":false,"template":"","format":"standard","meta":{"_jetpack_memberships_contains_paid_content":false,"footnotes":"","jetpack_publicize_message":"","jetpack_publicize_feature_enabled":true,"jetpack_social_post_already_shared":false,"jetpack_social_options":{"image_generator_settings":{"template":"highway","default_image_id":0,"enabled":false},"version":2}},"categories":[1,2,7],"tags":[1501,1502,1498,100,1497,1500,16,1215,1499,1106],"class_list":["post-1855","post","type-post","status-publish","format-standard","has-post-thumbnail","hentry","category-diario-armstrong","category-locales","category-politica","tag-aceptado","tag-altura","tag-asumi","tag-con","tag-crossetti-ya","tag-debe","tag-el","tag-electoral","tag-resultado","tag-ser"],"jetpack_publicize_connections":[],"jetpack_featured_media_url":"https:\/\/armstrongyregion.com.ar\/diario\/wp-content\/uploads\/2015\/04\/crossetti-renacer400.jpg","jetpack_shortlink":"https:\/\/wp.me\/p62QDO-tV","jetpack_sharing_enabled":true,"amp_enabled":true,"_links":{"self":[{"href":"https:\/\/armstrongyregion.com.ar\/diario\/wp-json\/wp\/v2\/posts\/1855","targetHints":{"allow":["GET"]}}],"collection":[{"href":"https:\/\/armstrongyregion.com.ar\/diario\/wp-json\/wp\/v2\/posts"}],"about":[{"href":"https:\/\/armstrongyregion.com.ar\/diario\/wp-json\/wp\/v2\/types\/post"}],"author":[{"embeddable":true,"href":"https:\/\/armstrongyregion.com.ar\/diario\/wp-json\/wp\/v2\/users\/2"}],"replies":[{"embeddable":true,"href":"https:\/\/armstrongyregion.com.ar\/diario\/wp-json\/wp\/v2\/comments?post=1855"}],"version-history":[{"count":0,"href":"https:\/\/armstrongyregion.com.ar\/diario\/wp-json\/wp\/v2\/posts\/1855\/revisions"}],"wp:featuredmedia":[{"embeddable":true,"href":"https:\/\/armstrongyregion.com.ar\/diario\/wp-json\/wp\/v2\/media\/1856"}],"wp:attachment":[{"href":"https:\/\/armstrongyregion.com.ar\/diario\/wp-json\/wp\/v2\/media?parent=1855"}],"wp:term":[{"taxonomy":"category","embeddable":true,"href":"https:\/\/armstrongyregion.com.ar\/diario\/wp-json\/wp\/v2\/categories?post=1855"},{"taxonomy":"post_tag","embeddable":true,"href":"https:\/\/armstrongyregion.com.ar\/diario\/wp-json\/wp\/v2\/tags?post=1855"}],"curies":[{"name":"wp","href":"https:\/\/api.w.org\/{rel}","templated":true}]}}