{"id":18539,"date":"2018-08-30T13:07:09","date_gmt":"2018-08-30T13:07:09","guid":{"rendered":"https:\/\/armstrongyregion.com.ar\/diario\/?p=18539"},"modified":"2018-08-30T13:07:09","modified_gmt":"2018-08-30T13:07:09","slug":"sin-reeleccion-lifschitz-no-descarto-a-bonfatti-para-la-sucesion","status":"publish","type":"post","link":"https:\/\/armstrongyregion.com.ar\/diario\/sin-reeleccion-lifschitz-no-descarto-a-bonfatti-para-la-sucesion\/","title":{"rendered":"Sin reelecci\u00f3n, Lifschitz no descart\u00f3 a Bonfatti para la sucesi\u00f3n."},"content":{"rendered":"<p><a href=\"http:\/\/armstrongyregion.com.ar\/diario\/wp-content\/uploads\/2018\/05\/lifschitzzz.jpg_1305449671.jpg\"><img loading=\"lazy\" decoding=\"async\" src=\"http:\/\/armstrongyregion.com.ar\/diario\/wp-content\/uploads\/2018\/05\/lifschitzzz.jpg_1305449671.jpg\" alt=\"lifschitzzz.jpg_1305449671\" width=\"847\" height=\"476\" class=\"alignnone size-full wp-image-17058\" srcset=\"https:\/\/armstrongyregion.com.ar\/diario\/wp-content\/uploads\/2018\/05\/lifschitzzz.jpg_1305449671.jpg 847w, https:\/\/armstrongyregion.com.ar\/diario\/wp-content\/uploads\/2018\/05\/lifschitzzz.jpg_1305449671-300x169.jpg 300w\" sizes=\"auto, (max-width: 847px) 100vw, 847px\" \/><\/a>El gobernador consider\u00f3 que ayer \u201cel debate lo gan\u00f3 el reformismo de la Constituci\u00f3n pero no alcanzaron los votos\u201d. Aunque se\u00f1al\u00f3 que no es tiempo para pensar en las elecciones, al ser consultado por el diputado, se\u00f1al\u00f3: \u201cEs un dirigente muy importante, si \u00e9l lo decide puede ser uno de los nombres posibles\u201d.<br \/>\nVuelta de p\u00e1gina. Ayer, el sue\u00f1o de la reforma constitucional qued\u00f3 interrumpido por decisi\u00f3n de los diputados provinciales que votaron en contra del proyecto. Hoy empieza una nueva etapa para el gobernador Miguel Lifschitz, quien ya no tiene la posibilidad de volver a competir por la Casa Gris. Aunque insisti\u00f3 que no es momento de analizar posibles candidatos, no descart\u00f3 como uno al diputado provincial Antonio Bonfatti. Tambi\u00e9n se refiri\u00f3 al actual panorama econ\u00f3mico nacional y su impacto en Santa Fe.<\/p>\n<p>En contacto con Radi\u00f3polis (Radio 2), el gobernador santafesino se refiri\u00f3 a la sesi\u00f3n especial de este mi\u00e9rcoles en Diputados. Prefiri\u00f3 no hablar de \u201cfracaso\u201d: \u201cEs una contingencia m\u00e1s en democracia por la lucha por los cambios, por transformar la realidad, algo que venimos impulsando es la necesidad de modernizar la Constituci\u00f3n. A veces se logran las mayor\u00edas necesarias y a veces hay que seguir batallando para lograr el consenso necesario. Hubo 25 legisladores que acompa\u00f1aron el proyecto, faltaron 9 m\u00e1s porque se requer\u00eda la mayor\u00eda especial de dos tercios\u201d, sostuvo.<\/p>\n<p>Luego, agreg\u00f3 en ese sentido: \u201cEl debate lo gan\u00f3 el reformismo de la Constituci\u00f3n pero no alcanzaron los votos\u201d. A continuaci\u00f3n, admiti\u00f3 en di\u00e1logo con los periodistas Roberto Caferra y Evelin Machain, que pudo haber algo de miedo en los \u201cdiputados del no\u201d. \u201cLos discursos opositores hicieron eje en la reelecci\u00f3n y yo lo dije, que si no estaban de acuerdo pod\u00edan eliminar el art\u00edculo, incluso lo propuso el diputado Joaqu\u00edn Blanco. Era simplemente una excusa entonces\u201d, manifest\u00f3.<\/p>\n<p>Al no prosperar el proyecto de modificaci\u00f3n de la Carta Magna, Lifschitz perdi\u00f3 la oportunidad de volver a disputar la gobernaci\u00f3n. \u00bfEsta situaci\u00f3n habilita la candidatura de Antonio Bonfatti?, le consultaron los periodistas, en relaci\u00f3n al diputado provincial. \u201cAyer tuvimos un debate cuyo fondo era modificar la Constituci\u00f3n. Como todos los partidos analizaremos las alternativas pero es muy prematuro lanzar candidatos\u201d, observ\u00f3 pero destac\u00f3 en relaci\u00f3n al ex gobernador: \u201cBonfatti es un dirigente muy importante si \u00e9l lo decide ser, es uno de los nombres posibles\u201d.<\/p>\n<p>\u201cLos debates electorales son para el a\u00f1o que viene, no hay que adelantar los tiempos\u201d, insisti\u00f3 y apunt\u00f3: \u201cHoy la coyuntura nos pone en otro modo de lucha\u201d. Para el socialista \u201ces un tiempo muy dif\u00edcil para Argentina, de mucha incertidumbre y angustia sin actividad en la Universidad, con una inflaci\u00f3n disparada y esto nos compromete a todos los que tenemos responsabilidad de gobierno. Hay que tratar de estar con la gente, encima de los problemas, apoyando con herramientas del gobierno provincial y tratar de defender a la provincia\u201d.<\/p>\n<p>Finalmente, a\u00f1adi\u00f3 en relaci\u00f3n al panorama nacional: \u201cVeo con tremenda preocupaci\u00f3n e incertidumbre la realidad pero trato de mantener el optimismo y la esperanza. Argentina siempre se recupera, tenemos resto para recuperarnos, no es la primera vez que nos toca una situaci\u00f3n cr\u00edtica, hay que mantener la serenidad y extremar el di\u00e1logo social\u201d, cerr\u00f3.<br \/>\nRosario3.com<\/p>\n","protected":false},"excerpt":{"rendered":"<p>El gobernador consider\u00f3 que ayer \u201cel debate lo gan\u00f3 el reformismo de la Constituci\u00f3n pero no alcanzaron los votos\u201d. Aunque se\u00f1al\u00f3 que no es tiempo para pensar en las elecciones, al ser consultado por el diputado, se\u00f1al\u00f3: \u201cEs un dirigente muy importante, si \u00e9l lo decide puede ser uno de los nombres posibles\u201d. Vuelta de <a href=\"https:\/\/armstrongyregion.com.ar\/diario\/sin-reeleccion-lifschitz-no-descarto-a-bonfatti-para-la-sucesion\/\" title=\"Read more\" >&#8230;<\/a><\/p>\n","protected":false},"author":1,"featured_media":16627,"comment_status":"open","ping_status":"open","sticky":false,"template":"","format":"standard","meta":{"_jetpack_memberships_contains_paid_content":false,"footnotes":"","jetpack_publicize_message":"","jetpack_publicize_feature_enabled":true,"jetpack_social_post_already_shared":false,"jetpack_social_options":{"image_generator_settings":{"template":"highway","default_image_id":0,"enabled":false},"version":2}},"categories":[8,1,2,7,3],"tags":[7099,7098],"class_list":["post-18539","post","type-post","status-publish","format-standard","has-post-thumbnail","hentry","category-deliberando","category-diario-armstrong","category-locales","category-politica","category-region","tag-lifschitz-no-descarto-a-bonfatti-para-la-sucesion","tag-sin-reeleccion"],"jetpack_publicize_connections":[],"jetpack_featured_media_url":"https:\/\/armstrongyregion.com.ar\/diario\/wp-content\/uploads\/2018\/03\/lifschitz-.jpg","jetpack_shortlink":"https:\/\/wp.me\/p62QDO-4P1","jetpack_sharing_enabled":true,"amp_enabled":true,"_links":{"self":[{"href":"https:\/\/armstrongyregion.com.ar\/diario\/wp-json\/wp\/v2\/posts\/18539","targetHints":{"allow":["GET"]}}],"collection":[{"href":"https:\/\/armstrongyregion.com.ar\/diario\/wp-json\/wp\/v2\/posts"}],"about":[{"href":"https:\/\/armstrongyregion.com.ar\/diario\/wp-json\/wp\/v2\/types\/post"}],"author":[{"embeddable":true,"href":"https:\/\/armstrongyregion.com.ar\/diario\/wp-json\/wp\/v2\/users\/1"}],"replies":[{"embeddable":true,"href":"https:\/\/armstrongyregion.com.ar\/diario\/wp-json\/wp\/v2\/comments?post=18539"}],"version-history":[{"count":0,"href":"https:\/\/armstrongyregion.com.ar\/diario\/wp-json\/wp\/v2\/posts\/18539\/revisions"}],"wp:featuredmedia":[{"embeddable":true,"href":"https:\/\/armstrongyregion.com.ar\/diario\/wp-json\/wp\/v2\/media\/16627"}],"wp:attachment":[{"href":"https:\/\/armstrongyregion.com.ar\/diario\/wp-json\/wp\/v2\/media?parent=18539"}],"wp:term":[{"taxonomy":"category","embeddable":true,"href":"https:\/\/armstrongyregion.com.ar\/diario\/wp-json\/wp\/v2\/categories?post=18539"},{"taxonomy":"post_tag","embeddable":true,"href":"https:\/\/armstrongyregion.com.ar\/diario\/wp-json\/wp\/v2\/tags?post=18539"}],"curies":[{"name":"wp","href":"https:\/\/api.w.org\/{rel}","templated":true}]}}