{"id":18531,"date":"2018-08-29T20:48:28","date_gmt":"2018-08-29T20:48:28","guid":{"rendered":"https:\/\/armstrongyregion.com.ar\/diario\/?p=18531"},"modified":"2018-08-29T20:48:28","modified_gmt":"2018-08-29T20:48:28","slug":"actividad-del-taller-de-arte-textil","status":"publish","type":"post","link":"https:\/\/armstrongyregion.com.ar\/diario\/actividad-del-taller-de-arte-textil\/","title":{"rendered":"Actividad del Taller de Arte Textil."},"content":{"rendered":"<p><a href=\"http:\/\/armstrongyregion.com.ar\/diario\/wp-content\/uploads\/2018\/08\/Intervencion-artisstica.textil.jpg\"><img loading=\"lazy\" decoding=\"async\" src=\"http:\/\/armstrongyregion.com.ar\/diario\/wp-content\/uploads\/2018\/08\/Intervencion-artisstica.textil.jpg\" alt=\"Intervencion-artisstica.textil\" width=\"768\" height=\"576\" class=\"alignnone size-full wp-image-18532\" srcset=\"https:\/\/armstrongyregion.com.ar\/diario\/wp-content\/uploads\/2018\/08\/Intervencion-artisstica.textil.jpg 768w, https:\/\/armstrongyregion.com.ar\/diario\/wp-content\/uploads\/2018\/08\/Intervencion-artisstica.textil-300x225.jpg 300w\" sizes=\"auto, (max-width: 768px) 100vw, 768px\" \/><\/a>Desde el d\u00eda 23 de agosto, tanto la responsable del taller municipal de arte textil Prof. Sara Le\u00f3n como sus alumnas, participan con sus trabajos de una propuesta art\u00edstico-cultural en la ciudad de C\u00f3rdoba.<br \/>\nSe trata de intervenciones textiles en el campus de la ciudad de las Artes, Facultad de Arte y Dise\u00f1o, Universidad Provincial de C\u00f3rdoba, en el marco de las segundas jornadas pr\u00e1cticas y saberes textiles dentro de un proyecto denominado \u201cParaanidar.ar\u201d.<br \/>\n<a href=\"http:\/\/armstrongyregion.com.ar\/diario\/wp-content\/uploads\/2018\/08\/Intervencion-artistica-1.jpg\"><img loading=\"lazy\" decoding=\"async\" src=\"http:\/\/armstrongyregion.com.ar\/diario\/wp-content\/uploads\/2018\/08\/Intervencion-artistica-1.jpg\" alt=\"Intervencion-artistica-1\" width=\"300\" height=\"533\" class=\"alignnone size-full wp-image-18533\" srcset=\"https:\/\/armstrongyregion.com.ar\/diario\/wp-content\/uploads\/2018\/08\/Intervencion-artistica-1.jpg 300w, https:\/\/armstrongyregion.com.ar\/diario\/wp-content\/uploads\/2018\/08\/Intervencion-artistica-1-169x300.jpg 169w\" sizes=\"auto, (max-width: 300px) 100vw, 300px\" \/><\/a>En este caso, el concepto es trabajar a partir de tomar conciencia de los pocos nidos que se ven en nuestro medio, y de los que faltan, realizando creaciones con la utilizaci\u00f3n de diferentes materiales y la implementaci\u00f3n de variadas t\u00e9cnicas.<br \/>\nLa Prof. Le\u00f3n, en constante comunicaci\u00f3n con la artista textil Ana Mazzoni, quien en varias oportunidades visitara nuestra ciudad, propone este desaf\u00edo a sus alumnas y, es as\u00ed que, a partir de la creatividad de cada una y la labor de sus manos representan a la comunidad de Armstrong con dos nidos textiles que ya se exponen en la ciudad mediterr\u00e1nea.<\/p>\n","protected":false},"excerpt":{"rendered":"<p>Desde el d\u00eda 23 de agosto, tanto la responsable del taller municipal de arte textil Prof. Sara Le\u00f3n como sus alumnas, participan con sus trabajos de una propuesta art\u00edstico-cultural en la ciudad de C\u00f3rdoba. Se trata de intervenciones textiles en el campus de la ciudad de las Artes, Facultad de Arte y Dise\u00f1o, Universidad Provincial <a href=\"https:\/\/armstrongyregion.com.ar\/diario\/actividad-del-taller-de-arte-textil\/\" title=\"Read more\" >&#8230;<\/a><\/p>\n","protected":false},"author":1,"featured_media":18532,"comment_status":"open","ping_status":"open","sticky":false,"template":"","format":"standard","meta":{"_jetpack_memberships_contains_paid_content":false,"footnotes":"","jetpack_publicize_message":"","jetpack_publicize_feature_enabled":true,"jetpack_social_post_already_shared":false,"jetpack_social_options":{"image_generator_settings":{"template":"highway","default_image_id":0,"enabled":false},"version":2}},"categories":[6,8,1,2],"tags":[7095],"class_list":["post-18531","post","type-post","status-publish","format-standard","has-post-thumbnail","hentry","category-cultura-entretenimiento","category-deliberando","category-diario-armstrong","category-locales","tag-actividad-del-taller-de-arte-textil"],"jetpack_publicize_connections":[],"jetpack_featured_media_url":"https:\/\/armstrongyregion.com.ar\/diario\/wp-content\/uploads\/2018\/08\/Intervencion-artisstica.textil.jpg","jetpack_shortlink":"https:\/\/wp.me\/p62QDO-4OT","jetpack_sharing_enabled":true,"amp_enabled":true,"_links":{"self":[{"href":"https:\/\/armstrongyregion.com.ar\/diario\/wp-json\/wp\/v2\/posts\/18531","targetHints":{"allow":["GET"]}}],"collection":[{"href":"https:\/\/armstrongyregion.com.ar\/diario\/wp-json\/wp\/v2\/posts"}],"about":[{"href":"https:\/\/armstrongyregion.com.ar\/diario\/wp-json\/wp\/v2\/types\/post"}],"author":[{"embeddable":true,"href":"https:\/\/armstrongyregion.com.ar\/diario\/wp-json\/wp\/v2\/users\/1"}],"replies":[{"embeddable":true,"href":"https:\/\/armstrongyregion.com.ar\/diario\/wp-json\/wp\/v2\/comments?post=18531"}],"version-history":[{"count":0,"href":"https:\/\/armstrongyregion.com.ar\/diario\/wp-json\/wp\/v2\/posts\/18531\/revisions"}],"wp:featuredmedia":[{"embeddable":true,"href":"https:\/\/armstrongyregion.com.ar\/diario\/wp-json\/wp\/v2\/media\/18532"}],"wp:attachment":[{"href":"https:\/\/armstrongyregion.com.ar\/diario\/wp-json\/wp\/v2\/media?parent=18531"}],"wp:term":[{"taxonomy":"category","embeddable":true,"href":"https:\/\/armstrongyregion.com.ar\/diario\/wp-json\/wp\/v2\/categories?post=18531"},{"taxonomy":"post_tag","embeddable":true,"href":"https:\/\/armstrongyregion.com.ar\/diario\/wp-json\/wp\/v2\/tags?post=18531"}],"curies":[{"name":"wp","href":"https:\/\/api.w.org\/{rel}","templated":true}]}}