{"id":18510,"date":"2018-09-03T21:36:37","date_gmt":"2018-09-03T21:36:37","guid":{"rendered":"https:\/\/armstrongyregion.com.ar\/diario\/?p=18510"},"modified":"2018-08-28T22:52:07","modified_gmt":"2018-08-28T22:52:07","slug":"deliberando-martes-4-de-septiembre-referente-justicialista-y-recuerdo-de-pilito-arzani","status":"publish","type":"post","link":"https:\/\/armstrongyregion.com.ar\/diario\/deliberando-martes-4-de-septiembre-referente-justicialista-y-recuerdo-de-pilito-arzani\/","title":{"rendered":"Deliberando: Martes 4 de Septiembre: Referente Justicialista y Recuerdo de \u201cPilito Arzani\u201d."},"content":{"rendered":"<p><a href=\"http:\/\/armstrongyregion.com.ar\/diario\/wp-content\/uploads\/2018\/08\/Gerardo-Pavicic-.jpg\"><img loading=\"lazy\" decoding=\"async\" src=\"http:\/\/armstrongyregion.com.ar\/diario\/wp-content\/uploads\/2018\/08\/Gerardo-Pavicic-.jpg\" alt=\"Gerardo-Pavicic-\" width=\"768\" height=\"576\" class=\"alignnone size-full wp-image-18511\" srcset=\"https:\/\/armstrongyregion.com.ar\/diario\/wp-content\/uploads\/2018\/08\/Gerardo-Pavicic-.jpg 768w, https:\/\/armstrongyregion.com.ar\/diario\/wp-content\/uploads\/2018\/08\/Gerardo-Pavicic--300x225.jpg 300w\" sizes=\"auto, (max-width: 768px) 100vw, 768px\" \/><\/a>El Ex concejal durante dos periodos consecutivos Dr. Gerardo Pavicic, si bien afirma que nunca dej\u00f3 de trabajar en pol\u00edtica, tomo la decisi\u00f3n de volver al ruedo de una manera m\u00e1s activa.<br \/>\n<a href=\"http:\/\/armstrongyregion.com.ar\/diario\/wp-content\/uploads\/2018\/08\/leo-giudicci-.jpg\"><img loading=\"lazy\" decoding=\"async\" src=\"http:\/\/armstrongyregion.com.ar\/diario\/wp-content\/uploads\/2018\/08\/leo-giudicci-.jpg\" alt=\"leo-giudicci-\" width=\"768\" height=\"576\" class=\"alignnone size-full wp-image-18512\" srcset=\"https:\/\/armstrongyregion.com.ar\/diario\/wp-content\/uploads\/2018\/08\/leo-giudicci-.jpg 768w, https:\/\/armstrongyregion.com.ar\/diario\/wp-content\/uploads\/2018\/08\/leo-giudicci--300x225.jpg 300w\" sizes=\"auto, (max-width: 768px) 100vw, 768px\" \/><\/a>Luego compartiremos dos bloques, con el escritor y periodista Leonardo Giudicci quien brindara detalles de la persona, profesi\u00f3n y militancia de \u201cPilito\u201d Arzani quien nos dej\u00f3 f\u00edsicamente hace ,m\u00e1s de un mes. Para dicho programa  la periodista Herminia De Prato nos dedic\u00f3 su tiempo y brindo material de archivo.<br \/>\nMartes 4 de Septiembre 21hs Programa Estreno. Conducci\u00f3n Lic. Graciela de la Casa- Ezequiel Piccoli y Oscar Crispino.<\/p>\n","protected":false},"excerpt":{"rendered":"<p>El Ex concejal durante dos periodos consecutivos Dr. Gerardo Pavicic, si bien afirma que nunca dej\u00f3 de trabajar en pol\u00edtica, tomo la decisi\u00f3n de volver al ruedo de una manera m\u00e1s activa. Luego compartiremos dos bloques, con el escritor y periodista Leonardo Giudicci quien brindara detalles de la persona, profesi\u00f3n y militancia de \u201cPilito\u201d Arzani <a href=\"https:\/\/armstrongyregion.com.ar\/diario\/deliberando-martes-4-de-septiembre-referente-justicialista-y-recuerdo-de-pilito-arzani\/\" title=\"Read more\" >&#8230;<\/a><\/p>\n","protected":false},"author":1,"featured_media":18511,"comment_status":"open","ping_status":"open","sticky":false,"template":"","format":"standard","meta":{"_jetpack_memberships_contains_paid_content":false,"footnotes":"","jetpack_publicize_message":"","jetpack_publicize_feature_enabled":true,"jetpack_social_post_already_shared":false,"jetpack_social_options":{"image_generator_settings":{"template":"highway","default_image_id":0,"enabled":false},"version":2}},"categories":[8,1,7,3],"tags":[7091],"class_list":["post-18510","post","type-post","status-publish","format-standard","has-post-thumbnail","hentry","category-deliberando","category-diario-armstrong","category-politica","category-region","tag-deliberando-hoy-referente-justicialista-y-recuerdo-de-pilito-arzani"],"jetpack_publicize_connections":[],"jetpack_featured_media_url":"https:\/\/armstrongyregion.com.ar\/diario\/wp-content\/uploads\/2018\/08\/Gerardo-Pavicic-.jpg","jetpack_shortlink":"https:\/\/wp.me\/p62QDO-4Oy","jetpack_sharing_enabled":true,"amp_enabled":true,"_links":{"self":[{"href":"https:\/\/armstrongyregion.com.ar\/diario\/wp-json\/wp\/v2\/posts\/18510","targetHints":{"allow":["GET"]}}],"collection":[{"href":"https:\/\/armstrongyregion.com.ar\/diario\/wp-json\/wp\/v2\/posts"}],"about":[{"href":"https:\/\/armstrongyregion.com.ar\/diario\/wp-json\/wp\/v2\/types\/post"}],"author":[{"embeddable":true,"href":"https:\/\/armstrongyregion.com.ar\/diario\/wp-json\/wp\/v2\/users\/1"}],"replies":[{"embeddable":true,"href":"https:\/\/armstrongyregion.com.ar\/diario\/wp-json\/wp\/v2\/comments?post=18510"}],"version-history":[{"count":0,"href":"https:\/\/armstrongyregion.com.ar\/diario\/wp-json\/wp\/v2\/posts\/18510\/revisions"}],"wp:featuredmedia":[{"embeddable":true,"href":"https:\/\/armstrongyregion.com.ar\/diario\/wp-json\/wp\/v2\/media\/18511"}],"wp:attachment":[{"href":"https:\/\/armstrongyregion.com.ar\/diario\/wp-json\/wp\/v2\/media?parent=18510"}],"wp:term":[{"taxonomy":"category","embeddable":true,"href":"https:\/\/armstrongyregion.com.ar\/diario\/wp-json\/wp\/v2\/categories?post=18510"},{"taxonomy":"post_tag","embeddable":true,"href":"https:\/\/armstrongyregion.com.ar\/diario\/wp-json\/wp\/v2\/tags?post=18510"}],"curies":[{"name":"wp","href":"https:\/\/api.w.org\/{rel}","templated":true}]}}