{"id":18481,"date":"2018-08-28T15:12:58","date_gmt":"2018-08-28T15:12:58","guid":{"rendered":"https:\/\/armstrongyregion.com.ar\/diario\/?p=18481"},"modified":"2018-08-28T15:12:58","modified_gmt":"2018-08-28T15:12:58","slug":"las-rosas-charla-entre-facundo-manes-y-leo-ponzio","status":"publish","type":"post","link":"https:\/\/armstrongyregion.com.ar\/diario\/las-rosas-charla-entre-facundo-manes-y-leo-ponzio\/","title":{"rendered":"Las Rosas. Charla entre Facundo Manes y Leo Ponzio."},"content":{"rendered":"<p><a href=\"http:\/\/armstrongyregion.com.ar\/diario\/wp-content\/uploads\/2018\/08\/Facu-Manes.jpg\"><img loading=\"lazy\" decoding=\"async\" src=\"http:\/\/armstrongyregion.com.ar\/diario\/wp-content\/uploads\/2018\/08\/Facu-Manes.jpg\" alt=\"Facu Manes\" width=\"960\" height=\"639\" class=\"alignnone size-full wp-image-18500\" srcset=\"https:\/\/armstrongyregion.com.ar\/diario\/wp-content\/uploads\/2018\/08\/Facu-Manes.jpg 960w, https:\/\/armstrongyregion.com.ar\/diario\/wp-content\/uploads\/2018\/08\/Facu-Manes-300x200.jpg 300w\" sizes=\"auto, (max-width: 960px) 100vw, 960px\" \/><\/a>El pr\u00f3ximo lunes 3 de septiembre a las 11hs en las instalaciones del C.A.W.K, se realizara un encuentro de \u201cGrandes\u201d Facundo Manes y Leonardo Ponzio para dialogar todos juntos acerca de los nuevos desaf\u00edos que nos propone \u201cEl cerebro del futuro\u201d La propuesta es trabajar para que todos nuestros j\u00f3venes desarrollen su capacidad intelectual y que puedan competir en un mundo basado en ideas y conocimiento.<br \/>\nEl ingreso ser\u00e1 a partir de las 9,30hs con un alimento no perecedero.<br \/>\nEste evento es organizado gracias a la amistad de Leo Ponzio y Facundo Manes, teniendo como \u00fanico objetivo convocar a toda la sociedad rosense y de la zona a interactuar con dos \u201cGrandes\u201d.<br \/>\n\u201cHoy la riqueza de un pa\u00eds no est\u00e1 en los recursos naturales, ni en un veranito econ\u00f3mico, sino en invertir en el cerebro de su gente\u201d.<\/p>\n","protected":false},"excerpt":{"rendered":"<p>El pr\u00f3ximo lunes 3 de septiembre a las 11hs en las instalaciones del C.A.W.K, se realizara un encuentro de \u201cGrandes\u201d Facundo Manes y Leonardo Ponzio para dialogar todos juntos acerca de los nuevos desaf\u00edos que nos propone \u201cEl cerebro del futuro\u201d La propuesta es trabajar para que todos nuestros j\u00f3venes desarrollen su capacidad intelectual y <a href=\"https:\/\/armstrongyregion.com.ar\/diario\/las-rosas-charla-entre-facundo-manes-y-leo-ponzio\/\" title=\"Read more\" >&#8230;<\/a><\/p>\n","protected":false},"author":1,"featured_media":18500,"comment_status":"open","ping_status":"open","sticky":false,"template":"","format":"standard","meta":{"_jetpack_memberships_contains_paid_content":false,"footnotes":"","jetpack_publicize_message":"","jetpack_publicize_feature_enabled":true,"jetpack_social_post_already_shared":false,"jetpack_social_options":{"image_generator_settings":{"template":"highway","default_image_id":0,"enabled":false},"version":2}},"categories":[8,1,2,7,3],"tags":[7088],"class_list":["post-18481","post","type-post","status-publish","format-standard","has-post-thumbnail","hentry","category-deliberando","category-diario-armstrong","category-locales","category-politica","category-region","tag-las-rosas-charla-entre-facundo-manes-y-leo-ponzio"],"jetpack_publicize_connections":[],"jetpack_featured_media_url":"https:\/\/armstrongyregion.com.ar\/diario\/wp-content\/uploads\/2018\/08\/Facu-Manes.jpg","jetpack_shortlink":"https:\/\/wp.me\/p62QDO-4O5","jetpack_sharing_enabled":true,"amp_enabled":true,"_links":{"self":[{"href":"https:\/\/armstrongyregion.com.ar\/diario\/wp-json\/wp\/v2\/posts\/18481","targetHints":{"allow":["GET"]}}],"collection":[{"href":"https:\/\/armstrongyregion.com.ar\/diario\/wp-json\/wp\/v2\/posts"}],"about":[{"href":"https:\/\/armstrongyregion.com.ar\/diario\/wp-json\/wp\/v2\/types\/post"}],"author":[{"embeddable":true,"href":"https:\/\/armstrongyregion.com.ar\/diario\/wp-json\/wp\/v2\/users\/1"}],"replies":[{"embeddable":true,"href":"https:\/\/armstrongyregion.com.ar\/diario\/wp-json\/wp\/v2\/comments?post=18481"}],"version-history":[{"count":0,"href":"https:\/\/armstrongyregion.com.ar\/diario\/wp-json\/wp\/v2\/posts\/18481\/revisions"}],"wp:featuredmedia":[{"embeddable":true,"href":"https:\/\/armstrongyregion.com.ar\/diario\/wp-json\/wp\/v2\/media\/18500"}],"wp:attachment":[{"href":"https:\/\/armstrongyregion.com.ar\/diario\/wp-json\/wp\/v2\/media?parent=18481"}],"wp:term":[{"taxonomy":"category","embeddable":true,"href":"https:\/\/armstrongyregion.com.ar\/diario\/wp-json\/wp\/v2\/categories?post=18481"},{"taxonomy":"post_tag","embeddable":true,"href":"https:\/\/armstrongyregion.com.ar\/diario\/wp-json\/wp\/v2\/tags?post=18481"}],"curies":[{"name":"wp","href":"https:\/\/api.w.org\/{rel}","templated":true}]}}