{"id":18474,"date":"2018-08-28T01:38:49","date_gmt":"2018-08-28T01:38:49","guid":{"rendered":"https:\/\/armstrongyregion.com.ar\/diario\/?p=18474"},"modified":"2018-08-28T01:38:49","modified_gmt":"2018-08-28T01:38:49","slug":"colecta-nacional-mas-por-menos-2018","status":"publish","type":"post","link":"https:\/\/armstrongyregion.com.ar\/diario\/colecta-nacional-mas-por-menos-2018\/","title":{"rendered":"Colecta Nacional Mas por Menos 2018."},"content":{"rendered":"<p><a href=\"http:\/\/armstrongyregion.com.ar\/diario\/wp-content\/uploads\/2018\/08\/Aviso-en-A5-Color.jpg\"><img loading=\"lazy\" decoding=\"async\" src=\"http:\/\/armstrongyregion.com.ar\/diario\/wp-content\/uploads\/2018\/08\/Aviso-en-A5-Color.jpg\" alt=\"Aviso en A5 Color[\" width=\"630\" height=\"600\" class=\"alignnone size-full wp-image-18475\" srcset=\"https:\/\/armstrongyregion.com.ar\/diario\/wp-content\/uploads\/2018\/08\/Aviso-en-A5-Color.jpg 630w, https:\/\/armstrongyregion.com.ar\/diario\/wp-content\/uploads\/2018\/08\/Aviso-en-A5-Color-300x286.jpg 300w\" sizes=\"auto, (max-width: 630px) 100vw, 630px\" \/><\/a>Sumemos juntos a la mesa de todos\u201d<br \/>\n El pr\u00f3ximo domingo 09 de setiembre se realizar\u00e1 la COLECTA<br \/>\nNACIONAL MAS POR MENOS en todas las Parroquias, Colegios, Capillas e<br \/>\nInstituciones cat\u00f3licas de nuestro pa\u00eds bajo el lema \u201cSumemos juntos a la mesa<br \/>\nde todos\u201d. Ser\u00e1 la 49\u00aa edici\u00f3n de esta obra, organizada por la Comisi\u00f3n<br \/>\nEpiscopal de Ayuda a las Regiones M\u00e1s Necesitadas, dependiente de la<br \/>\nConferencia Episcopal Argentina.<br \/>\n<a href=\"http:\/\/armstrongyregion.com.ar\/diario\/wp-content\/uploads\/2018\/08\/Banner-300x3002-2.jpg\"><img loading=\"lazy\" decoding=\"async\" src=\"http:\/\/armstrongyregion.com.ar\/diario\/wp-content\/uploads\/2018\/08\/Banner-300x3002-2.jpg\" alt=\"Banner 300x300[2] (2)\" width=\"500\" height=\"500\" class=\"alignnone size-full wp-image-18476\" srcset=\"https:\/\/armstrongyregion.com.ar\/diario\/wp-content\/uploads\/2018\/08\/Banner-300x3002-2.jpg 500w, https:\/\/armstrongyregion.com.ar\/diario\/wp-content\/uploads\/2018\/08\/Banner-300x3002-2-150x150.jpg 150w, https:\/\/armstrongyregion.com.ar\/diario\/wp-content\/uploads\/2018\/08\/Banner-300x3002-2-300x300.jpg 300w, https:\/\/armstrongyregion.com.ar\/diario\/wp-content\/uploads\/2018\/08\/Banner-300x3002-2-144x144.jpg 144w\" sizes=\"auto, (max-width: 500px) 100vw, 500px\" \/><\/a>M\u00e1s por Menos a trav\u00e9s de sus 49 a\u00f1os de vida ha<br \/>\ndemostrado ser un canal confiable y v\u00e1lido para que la Iglesia pueda accionar en la<br \/>\nPromoci\u00f3n Humana, Social y Pastoral en las zonas m\u00e1s necesitadas de Argentina. Su<br \/>\nrecaudaci\u00f3n permitir\u00e1 continuar dando respuesta a una gran variedad de proyectos:<br \/>\ncomedores infantiles y populares, construcci\u00f3n de vivienda por el sistema ayuda<br \/>\nmutua, emprendimientos laborales, apoyo a hogares para ni\u00f1os y ancianos,<br \/>\nconstrucci\u00f3n y equipamiento de salones multiuso, apoyo a establecimientos<br \/>\neducativos, centros de salud, talleres de artes y oficios, y tambi\u00e9n para la labor<br \/>\npastoral y situaciones de cat\u00e1strofe.<br \/>\n Las donaciones a M\u00e1s por Menos, adem\u00e1s del d\u00eda de la<br \/>\nColecta en el \u00e1mbito religioso, pueden efectuarse DURANTE TODO EL A\u00d1O<br \/>\nbajo distintas formas de colaboraci\u00f3n: Tarjetas de Cr\u00e9dito, Transferencias y<br \/>\nDep\u00f3sitos Bancarios o trav\u00e9s de cualquier sucursal de Pago F\u00e1cil del Pa\u00eds. <\/p>\n","protected":false},"excerpt":{"rendered":"<p>Sumemos juntos a la mesa de todos\u201d El pr\u00f3ximo domingo 09 de setiembre se realizar\u00e1 la COLECTA NACIONAL MAS POR MENOS en todas las Parroquias, Colegios, Capillas e Instituciones cat\u00f3licas de nuestro pa\u00eds bajo el lema \u201cSumemos juntos a la mesa de todos\u201d. Ser\u00e1 la 49\u00aa edici\u00f3n de esta obra, organizada por la Comisi\u00f3n Episcopal <a href=\"https:\/\/armstrongyregion.com.ar\/diario\/colecta-nacional-mas-por-menos-2018\/\" title=\"Read more\" >&#8230;<\/a><\/p>\n","protected":false},"author":1,"featured_media":18475,"comment_status":"open","ping_status":"open","sticky":false,"template":"","format":"standard","meta":{"_jetpack_memberships_contains_paid_content":false,"footnotes":"","jetpack_publicize_message":"","jetpack_publicize_feature_enabled":true,"jetpack_social_post_already_shared":false,"jetpack_social_options":{"image_generator_settings":{"template":"highway","default_image_id":0,"enabled":false},"version":2}},"categories":[6,1,2819,2,3],"tags":[7085],"class_list":["post-18474","post","type-post","status-publish","format-standard","has-post-thumbnail","hentry","category-cultura-entretenimiento","category-diario-armstrong","category-el-pais","category-locales","category-region","tag-colecta-nacional-mas-por-menos-2018"],"jetpack_publicize_connections":[],"jetpack_featured_media_url":"https:\/\/armstrongyregion.com.ar\/diario\/wp-content\/uploads\/2018\/08\/Aviso-en-A5-Color.jpg","jetpack_shortlink":"https:\/\/wp.me\/p62QDO-4NY","jetpack_sharing_enabled":true,"amp_enabled":true,"_links":{"self":[{"href":"https:\/\/armstrongyregion.com.ar\/diario\/wp-json\/wp\/v2\/posts\/18474","targetHints":{"allow":["GET"]}}],"collection":[{"href":"https:\/\/armstrongyregion.com.ar\/diario\/wp-json\/wp\/v2\/posts"}],"about":[{"href":"https:\/\/armstrongyregion.com.ar\/diario\/wp-json\/wp\/v2\/types\/post"}],"author":[{"embeddable":true,"href":"https:\/\/armstrongyregion.com.ar\/diario\/wp-json\/wp\/v2\/users\/1"}],"replies":[{"embeddable":true,"href":"https:\/\/armstrongyregion.com.ar\/diario\/wp-json\/wp\/v2\/comments?post=18474"}],"version-history":[{"count":0,"href":"https:\/\/armstrongyregion.com.ar\/diario\/wp-json\/wp\/v2\/posts\/18474\/revisions"}],"wp:featuredmedia":[{"embeddable":true,"href":"https:\/\/armstrongyregion.com.ar\/diario\/wp-json\/wp\/v2\/media\/18475"}],"wp:attachment":[{"href":"https:\/\/armstrongyregion.com.ar\/diario\/wp-json\/wp\/v2\/media?parent=18474"}],"wp:term":[{"taxonomy":"category","embeddable":true,"href":"https:\/\/armstrongyregion.com.ar\/diario\/wp-json\/wp\/v2\/categories?post=18474"},{"taxonomy":"post_tag","embeddable":true,"href":"https:\/\/armstrongyregion.com.ar\/diario\/wp-json\/wp\/v2\/tags?post=18474"}],"curies":[{"name":"wp","href":"https:\/\/api.w.org\/{rel}","templated":true}]}}