{"id":18468,"date":"2018-08-28T01:15:15","date_gmt":"2018-08-28T01:15:15","guid":{"rendered":"https:\/\/armstrongyregion.com.ar\/diario\/?p=18468"},"modified":"2018-08-28T01:15:15","modified_gmt":"2018-08-28T01:15:15","slug":"deliberando-derechos-humanos-y-municipio-rosense","status":"publish","type":"post","link":"https:\/\/armstrongyregion.com.ar\/diario\/deliberando-derechos-humanos-y-municipio-rosense\/","title":{"rendered":"DELIBERANDO, derechos humanos y municipio rosense."},"content":{"rendered":"<p><a href=\"http:\/\/armstrongyregion.com.ar\/diario\/wp-content\/uploads\/2018\/08\/quelo-moreno-.jpg\"><img loading=\"lazy\" decoding=\"async\" src=\"http:\/\/armstrongyregion.com.ar\/diario\/wp-content\/uploads\/2018\/08\/quelo-moreno-.jpg\" alt=\"quelo-moreno-\" width=\"960\" height=\"720\" class=\"alignnone size-full wp-image-18469\" srcset=\"https:\/\/armstrongyregion.com.ar\/diario\/wp-content\/uploads\/2018\/08\/quelo-moreno-.jpg 960w, https:\/\/armstrongyregion.com.ar\/diario\/wp-content\/uploads\/2018\/08\/quelo-moreno--300x225.jpg 300w\" sizes=\"auto, (max-width: 960px) 100vw, 960px\" \/><\/a>Rub\u00e9n Eduardo \u201cKelo\u201d Moreno, dar\u00e1 conceptos sobre los derechos humanos en el pa\u00eds, razones por las cuales a veces se dicen no se respetan o se violan, el estado de inseguridad vigente y sus razones.<br \/>\n<a href=\"http:\/\/armstrongyregion.com.ar\/diario\/wp-content\/uploads\/2018\/08\/javier-meyer.jpg\"><img loading=\"lazy\" decoding=\"async\" src=\"http:\/\/armstrongyregion.com.ar\/diario\/wp-content\/uploads\/2018\/08\/javier-meyer.jpg\" alt=\"javier-meyer\" width=\"768\" height=\"576\" class=\"alignnone size-full wp-image-18470\" srcset=\"https:\/\/armstrongyregion.com.ar\/diario\/wp-content\/uploads\/2018\/08\/javier-meyer.jpg 768w, https:\/\/armstrongyregion.com.ar\/diario\/wp-content\/uploads\/2018\/08\/javier-meyer-300x225.jpg 300w\" sizes=\"auto, (max-width: 768px) 100vw, 768px\" \/><\/a>En programas anteriores dirigentes del SITRAM Las Rosas, manifestaron lo que consideraron una reivindicaci\u00f3n de sus presentaciones por el conflicto de a\u00f1os atr\u00e1s, el intendente de esa ciudad, Javier Meyer, explica lo concreto de la respuesta judicial y el cumplimiento que est\u00e1n haciendo. Abarcar\u00e1 trabajos en la ciudad y su posici\u00f3n ante la quita del fondo solidario.<br \/>\nTodo este martes en DELIBERANDO, a las 21 hs con la conducci\u00f3n de la licenciada Graciela De la Casa- Ezequiel Piccoli y Oscar Crispino.<br \/>\nPor Cable Imagen Armstrong.<\/p>\n","protected":false},"excerpt":{"rendered":"<p>Rub\u00e9n Eduardo \u201cKelo\u201d Moreno, dar\u00e1 conceptos sobre los derechos humanos en el pa\u00eds, razones por las cuales a veces se dicen no se respetan o se violan, el estado de inseguridad vigente y sus razones. En programas anteriores dirigentes del SITRAM Las Rosas, manifestaron lo que consideraron una reivindicaci\u00f3n de sus presentaciones por el conflicto <a href=\"https:\/\/armstrongyregion.com.ar\/diario\/deliberando-derechos-humanos-y-municipio-rosense\/\" title=\"Read more\" >&#8230;<\/a><\/p>\n","protected":false},"author":1,"featured_media":18469,"comment_status":"open","ping_status":"open","sticky":false,"template":"","format":"standard","meta":{"_jetpack_memberships_contains_paid_content":false,"footnotes":"","jetpack_publicize_message":"","jetpack_publicize_feature_enabled":true,"jetpack_social_post_already_shared":false,"jetpack_social_options":{"image_generator_settings":{"template":"highway","default_image_id":0,"enabled":false},"version":2}},"categories":[8,1,2,7,3],"tags":[],"class_list":["post-18468","post","type-post","status-publish","format-standard","has-post-thumbnail","hentry","category-deliberando","category-diario-armstrong","category-locales","category-politica","category-region"],"jetpack_publicize_connections":[],"jetpack_featured_media_url":"https:\/\/armstrongyregion.com.ar\/diario\/wp-content\/uploads\/2018\/08\/quelo-moreno-.jpg","jetpack_shortlink":"https:\/\/wp.me\/p62QDO-4NS","jetpack_sharing_enabled":true,"amp_enabled":true,"_links":{"self":[{"href":"https:\/\/armstrongyregion.com.ar\/diario\/wp-json\/wp\/v2\/posts\/18468","targetHints":{"allow":["GET"]}}],"collection":[{"href":"https:\/\/armstrongyregion.com.ar\/diario\/wp-json\/wp\/v2\/posts"}],"about":[{"href":"https:\/\/armstrongyregion.com.ar\/diario\/wp-json\/wp\/v2\/types\/post"}],"author":[{"embeddable":true,"href":"https:\/\/armstrongyregion.com.ar\/diario\/wp-json\/wp\/v2\/users\/1"}],"replies":[{"embeddable":true,"href":"https:\/\/armstrongyregion.com.ar\/diario\/wp-json\/wp\/v2\/comments?post=18468"}],"version-history":[{"count":0,"href":"https:\/\/armstrongyregion.com.ar\/diario\/wp-json\/wp\/v2\/posts\/18468\/revisions"}],"wp:featuredmedia":[{"embeddable":true,"href":"https:\/\/armstrongyregion.com.ar\/diario\/wp-json\/wp\/v2\/media\/18469"}],"wp:attachment":[{"href":"https:\/\/armstrongyregion.com.ar\/diario\/wp-json\/wp\/v2\/media?parent=18468"}],"wp:term":[{"taxonomy":"category","embeddable":true,"href":"https:\/\/armstrongyregion.com.ar\/diario\/wp-json\/wp\/v2\/categories?post=18468"},{"taxonomy":"post_tag","embeddable":true,"href":"https:\/\/armstrongyregion.com.ar\/diario\/wp-json\/wp\/v2\/tags?post=18468"}],"curies":[{"name":"wp","href":"https:\/\/api.w.org\/{rel}","templated":true}]}}