{"id":18462,"date":"2018-08-27T11:47:26","date_gmt":"2018-08-27T11:47:26","guid":{"rendered":"https:\/\/armstrongyregion.com.ar\/diario\/?p=18462"},"modified":"2018-08-27T11:47:26","modified_gmt":"2018-08-27T11:47:26","slug":"docentes-se-abrio-la-inscripcion-para-titularizacion-y-suplencias","status":"publish","type":"post","link":"https:\/\/armstrongyregion.com.ar\/diario\/docentes-se-abrio-la-inscripcion-para-titularizacion-y-suplencias\/","title":{"rendered":"Docentes: se abri\u00f3 la inscripci\u00f3n para titularizaci\u00f3n y suplencias."},"content":{"rendered":"<p><a href=\"http:\/\/armstrongyregion.com.ar\/diario\/wp-content\/uploads\/2018\/08\/ariel-sola-.jpg\"><img loading=\"lazy\" decoding=\"async\" src=\"http:\/\/armstrongyregion.com.ar\/diario\/wp-content\/uploads\/2018\/08\/ariel-sola-.jpg\" alt=\"ariel-sola-\" width=\"768\" height=\"432\" class=\"alignnone size-full wp-image-18463\" srcset=\"https:\/\/armstrongyregion.com.ar\/diario\/wp-content\/uploads\/2018\/08\/ariel-sola-.jpg 768w, https:\/\/armstrongyregion.com.ar\/diario\/wp-content\/uploads\/2018\/08\/ariel-sola--300x169.jpg 300w\" sizes=\"auto, (max-width: 768px) 100vw, 768px\" \/><\/a>Ariel Sola, titular de AMSaFe Belgrano inform\u00f3 que la fecha de inscripci\u00f3n ser\u00e1 desde el 21\/08\/2018 hasta el 30\/08\/2018.<br \/>\n<!--[if lt IE 9]><script>document.createElement('audio');<\/script><![endif]-->\n<audio class=\"wp-audio-shortcode\" id=\"audio-18462-1\" preload=\"none\" style=\"width: 100%;\" controls=\"controls\"><source type=\"audio\/mpeg\" src=\"http:\/\/armstrongyregion.com.ar\/diario\/wp-content\/uploads\/2018\/08\/multimedia.audio_.a82e516fae08d76b.736f6c612e6d7033.mp3?_=1\" \/><a href=\"http:\/\/armstrongyregion.com.ar\/diario\/wp-content\/uploads\/2018\/08\/multimedia.audio_.a82e516fae08d76b.736f6c612e6d7033.mp3\">http:\/\/armstrongyregion.com.ar\/diario\/wp-content\/uploads\/2018\/08\/multimedia.audio_.a82e516fae08d76b.736f6c612e6d7033.mp3<\/a><\/audio><br \/>\nSe habilit\u00f3 la inscripci\u00f3n para titularizaci\u00f3n y suplencias de cargos docentes y horas c\u00e1tedra de los niveles Inicial, Primaria y Modalidad Especial (IPE) ciclo 2019. El procedimiento es via web ingresando a en el subportal de Educaci\u00f3n, donde al final de la misma se encuentra un instructivo.  Es preferible utilizar los horarios del d\u00eda de menos congesti\u00f3n en la red.<\/p>\n<p>En otro orden de cosas inform\u00f3 que la tradicional cena de D\u00eda del Maestro se realizar\u00e1 en Tortugas, disponiendo el gremio medios de transporte para el traslado.<\/p>\n<p>Tambi\u00e9n se refiri\u00f3 a la protesta que por tercer semana llevan los docentes universatarios, que no solo es salarial sino tambi\u00e9n respecto a los presupuestos que se env\u00edan a las mismas.<\/p>\n<p>En cuanto a AMSaFe dijo que \u00abel incremento inmanejable de la inflaci\u00f3n ha dejado muy lejos los aumentos de sueldos fijados en paritarias. En Santa Fe hay cla\u00fasula gatillo por lo cual ahora en septiembre habr\u00e1 que sentarse a considerar incremento de los ingresos de los docentes provinciales.\u00bb<\/p>\n<p>(Se sugiere escuchar el audio completo)<br \/>\nLas Rosas Digital.<\/p>\n","protected":false},"excerpt":{"rendered":"<p>Ariel Sola, titular de AMSaFe Belgrano inform\u00f3 que la fecha de inscripci\u00f3n ser\u00e1 desde el 21\/08\/2018 hasta el 30\/08\/2018. Se habilit\u00f3 la inscripci\u00f3n para titularizaci\u00f3n y suplencias de cargos docentes y horas c\u00e1tedra de los niveles Inicial, Primaria y Modalidad Especial (IPE) ciclo 2019. El procedimiento es via web ingresando a en el subportal de <a href=\"https:\/\/armstrongyregion.com.ar\/diario\/docentes-se-abrio-la-inscripcion-para-titularizacion-y-suplencias\/\" title=\"Read more\" >&#8230;<\/a><\/p>\n","protected":false},"author":1,"featured_media":18463,"comment_status":"open","ping_status":"open","sticky":false,"template":"","format":"standard","meta":{"_jetpack_memberships_contains_paid_content":false,"footnotes":"","jetpack_publicize_message":"","jetpack_publicize_feature_enabled":true,"jetpack_social_post_already_shared":false,"jetpack_social_options":{"image_generator_settings":{"template":"highway","default_image_id":0,"enabled":false},"version":2}},"categories":[8,1,2,7,3],"tags":[7084],"class_list":["post-18462","post","type-post","status-publish","format-standard","has-post-thumbnail","hentry","category-deliberando","category-diario-armstrong","category-locales","category-politica","category-region","tag-docentes-se-abrio-la-inscripcion-para-titularizacion-y-suplencias"],"jetpack_publicize_connections":[],"jetpack_featured_media_url":"https:\/\/armstrongyregion.com.ar\/diario\/wp-content\/uploads\/2018\/08\/ariel-sola-.jpg","jetpack_shortlink":"https:\/\/wp.me\/p62QDO-4NM","jetpack_sharing_enabled":true,"amp_enabled":true,"_links":{"self":[{"href":"https:\/\/armstrongyregion.com.ar\/diario\/wp-json\/wp\/v2\/posts\/18462","targetHints":{"allow":["GET"]}}],"collection":[{"href":"https:\/\/armstrongyregion.com.ar\/diario\/wp-json\/wp\/v2\/posts"}],"about":[{"href":"https:\/\/armstrongyregion.com.ar\/diario\/wp-json\/wp\/v2\/types\/post"}],"author":[{"embeddable":true,"href":"https:\/\/armstrongyregion.com.ar\/diario\/wp-json\/wp\/v2\/users\/1"}],"replies":[{"embeddable":true,"href":"https:\/\/armstrongyregion.com.ar\/diario\/wp-json\/wp\/v2\/comments?post=18462"}],"version-history":[{"count":0,"href":"https:\/\/armstrongyregion.com.ar\/diario\/wp-json\/wp\/v2\/posts\/18462\/revisions"}],"wp:featuredmedia":[{"embeddable":true,"href":"https:\/\/armstrongyregion.com.ar\/diario\/wp-json\/wp\/v2\/media\/18463"}],"wp:attachment":[{"href":"https:\/\/armstrongyregion.com.ar\/diario\/wp-json\/wp\/v2\/media?parent=18462"}],"wp:term":[{"taxonomy":"category","embeddable":true,"href":"https:\/\/armstrongyregion.com.ar\/diario\/wp-json\/wp\/v2\/categories?post=18462"},{"taxonomy":"post_tag","embeddable":true,"href":"https:\/\/armstrongyregion.com.ar\/diario\/wp-json\/wp\/v2\/tags?post=18462"}],"curies":[{"name":"wp","href":"https:\/\/api.w.org\/{rel}","templated":true}]}}