{"id":18441,"date":"2018-08-26T01:04:39","date_gmt":"2018-08-26T01:04:39","guid":{"rendered":"https:\/\/armstrongyregion.com.ar\/diario\/?p=18441"},"modified":"2018-08-26T01:04:39","modified_gmt":"2018-08-26T01:04:39","slug":"orlando-vera-cruz-ofrecio-una-charla-a-alumnos-secundarios-de-armstrong-y-tortugas","status":"publish","type":"post","link":"https:\/\/armstrongyregion.com.ar\/diario\/orlando-vera-cruz-ofrecio-una-charla-a-alumnos-secundarios-de-armstrong-y-tortugas\/","title":{"rendered":"Orlando Vera Cruz ofreci\u00f3 una charla a alumnos secundarios de Armstrong y Tortugas."},"content":{"rendered":"<p><a href=\"http:\/\/armstrongyregion.com.ar\/diario\/wp-content\/uploads\/2018\/08\/orlando-1-.jpg\"><img loading=\"lazy\" decoding=\"async\" src=\"http:\/\/armstrongyregion.com.ar\/diario\/wp-content\/uploads\/2018\/08\/orlando-1-.jpg\" alt=\"orlando-1-\" width=\"960\" height=\"720\" class=\"alignnone size-full wp-image-18442\" srcset=\"https:\/\/armstrongyregion.com.ar\/diario\/wp-content\/uploads\/2018\/08\/orlando-1-.jpg 960w, https:\/\/armstrongyregion.com.ar\/diario\/wp-content\/uploads\/2018\/08\/orlando-1--300x225.jpg 300w\" sizes=\"auto, (max-width: 960px) 100vw, 960px\" \/><\/a>Este viernes en el Gimnasio del Club Atl\u00e9tico Barraca y patrocinado por el Senador Guillermo Cornaglia, el cantautor santafesino, con su habitual locuacidad y acompa\u00f1ado de su guitarra, recorri\u00f3 parte de la rica historia del Brigadier Estanislao L\u00f3pez.<br \/>\n<a href=\"http:\/\/armstrongyregion.com.ar\/diario\/wp-content\/uploads\/2018\/08\/orlando2-.jpg\"><img loading=\"lazy\" decoding=\"async\" src=\"http:\/\/armstrongyregion.com.ar\/diario\/wp-content\/uploads\/2018\/08\/orlando2-.jpg\" alt=\"orlando2-\" width=\"960\" height=\"720\" class=\"alignnone size-full wp-image-18443\" srcset=\"https:\/\/armstrongyregion.com.ar\/diario\/wp-content\/uploads\/2018\/08\/orlando2-.jpg 960w, https:\/\/armstrongyregion.com.ar\/diario\/wp-content\/uploads\/2018\/08\/orlando2--300x225.jpg 300w\" sizes=\"auto, (max-width: 960px) 100vw, 960px\" \/><\/a>El artista litorale\u00f1o, un referente indiscutido de la cultura gauchesca hizo divertir con m\u00fasica y datos hist\u00f3ricos a los m\u00e1s de 600 alumnos de establecimientos educativos del ciclo secundario de Armstrong y Tortugas.<br \/>\n<a href=\"http:\/\/armstrongyregion.com.ar\/diario\/wp-content\/uploads\/2018\/08\/orlando3-.jpg\"><img loading=\"lazy\" decoding=\"async\" src=\"http:\/\/armstrongyregion.com.ar\/diario\/wp-content\/uploads\/2018\/08\/orlando3-.jpg\" alt=\"orlando3-\" width=\"960\" height=\"720\" class=\"alignnone size-full wp-image-18444\" srcset=\"https:\/\/armstrongyregion.com.ar\/diario\/wp-content\/uploads\/2018\/08\/orlando3-.jpg 960w, https:\/\/armstrongyregion.com.ar\/diario\/wp-content\/uploads\/2018\/08\/orlando3--300x225.jpg 300w\" sizes=\"auto, (max-width: 960px) 100vw, 960px\" \/><\/a>Al final del espect\u00e1culo un estruendoso aplauso de los j\u00f3venes corono una jornada que integro a la juventud con lo m\u00e1s importante de nuestra cultura santafesina, su m\u00fasica, sus costumbres y su historia.<br \/>\nInforme para Armstrong y Region: Jorge Tagina.<\/p>\n","protected":false},"excerpt":{"rendered":"<p>Este viernes en el Gimnasio del Club Atl\u00e9tico Barraca y patrocinado por el Senador Guillermo Cornaglia, el cantautor santafesino, con su habitual locuacidad y acompa\u00f1ado de su guitarra, recorri\u00f3 parte de la rica historia del Brigadier Estanislao L\u00f3pez. El artista litorale\u00f1o, un referente indiscutido de la cultura gauchesca hizo divertir con m\u00fasica y datos hist\u00f3ricos <a href=\"https:\/\/armstrongyregion.com.ar\/diario\/orlando-vera-cruz-ofrecio-una-charla-a-alumnos-secundarios-de-armstrong-y-tortugas\/\" title=\"Read more\" >&#8230;<\/a><\/p>\n","protected":false},"author":1,"featured_media":18442,"comment_status":"open","ping_status":"open","sticky":false,"template":"","format":"standard","meta":{"_jetpack_memberships_contains_paid_content":false,"footnotes":"","jetpack_publicize_message":"","jetpack_publicize_feature_enabled":true,"jetpack_social_post_already_shared":false,"jetpack_social_options":{"image_generator_settings":{"template":"highway","default_image_id":0,"enabled":false},"version":2}},"categories":[6,8,1,2,7,3],"tags":[7076],"class_list":["post-18441","post","type-post","status-publish","format-standard","has-post-thumbnail","hentry","category-cultura-entretenimiento","category-deliberando","category-diario-armstrong","category-locales","category-politica","category-region","tag-orlando-vera-cruz-ofrecio-una-charla-a-alumnos-secundarios-de-armstrong-y-tortugas"],"jetpack_publicize_connections":[],"jetpack_featured_media_url":"https:\/\/armstrongyregion.com.ar\/diario\/wp-content\/uploads\/2018\/08\/orlando-1-.jpg","jetpack_shortlink":"https:\/\/wp.me\/p62QDO-4Nr","jetpack_sharing_enabled":true,"amp_enabled":true,"_links":{"self":[{"href":"https:\/\/armstrongyregion.com.ar\/diario\/wp-json\/wp\/v2\/posts\/18441","targetHints":{"allow":["GET"]}}],"collection":[{"href":"https:\/\/armstrongyregion.com.ar\/diario\/wp-json\/wp\/v2\/posts"}],"about":[{"href":"https:\/\/armstrongyregion.com.ar\/diario\/wp-json\/wp\/v2\/types\/post"}],"author":[{"embeddable":true,"href":"https:\/\/armstrongyregion.com.ar\/diario\/wp-json\/wp\/v2\/users\/1"}],"replies":[{"embeddable":true,"href":"https:\/\/armstrongyregion.com.ar\/diario\/wp-json\/wp\/v2\/comments?post=18441"}],"version-history":[{"count":0,"href":"https:\/\/armstrongyregion.com.ar\/diario\/wp-json\/wp\/v2\/posts\/18441\/revisions"}],"wp:featuredmedia":[{"embeddable":true,"href":"https:\/\/armstrongyregion.com.ar\/diario\/wp-json\/wp\/v2\/media\/18442"}],"wp:attachment":[{"href":"https:\/\/armstrongyregion.com.ar\/diario\/wp-json\/wp\/v2\/media?parent=18441"}],"wp:term":[{"taxonomy":"category","embeddable":true,"href":"https:\/\/armstrongyregion.com.ar\/diario\/wp-json\/wp\/v2\/categories?post=18441"},{"taxonomy":"post_tag","embeddable":true,"href":"https:\/\/armstrongyregion.com.ar\/diario\/wp-json\/wp\/v2\/tags?post=18441"}],"curies":[{"name":"wp","href":"https:\/\/api.w.org\/{rel}","templated":true}]}}