{"id":18393,"date":"2018-08-22T23:59:15","date_gmt":"2018-08-22T23:59:15","guid":{"rendered":"https:\/\/armstrongyregion.com.ar\/diario\/?p=18393"},"modified":"2018-08-22T23:59:15","modified_gmt":"2018-08-22T23:59:15","slug":"armstrong-comunicado-de-iapos","status":"publish","type":"post","link":"https:\/\/armstrongyregion.com.ar\/diario\/armstrong-comunicado-de-iapos\/","title":{"rendered":"Armstrong. Comunicado de IAPOS."},"content":{"rendered":"<p><a href=\"http:\/\/armstrongyregion.com.ar\/diario\/wp-content\/uploads\/2018\/08\/comunicados-2018.jpg\"><img loading=\"lazy\" decoding=\"async\" src=\"http:\/\/armstrongyregion.com.ar\/diario\/wp-content\/uploads\/2018\/08\/comunicados-2018.jpg\" alt=\"comunicados 2018\" width=\"768\" height=\"541\" class=\"alignnone size-full wp-image-18201\" srcset=\"https:\/\/armstrongyregion.com.ar\/diario\/wp-content\/uploads\/2018\/08\/comunicados-2018.jpg 768w, https:\/\/armstrongyregion.com.ar\/diario\/wp-content\/uploads\/2018\/08\/comunicados-2018-300x211.jpg 300w\" sizes=\"auto, (max-width: 768px) 100vw, 768px\" \/><\/a>La Municipalidad de Armstrong informa que el pr\u00f3ximo jueves 23 de agosto, la oficina de IAPOS permanecer\u00e1 cerrada ya que personal de dicha dependencia asistir\u00e1 a una capacitaci\u00f3n en la ciudad de Santa Fe.<br \/>\nMuchas gracias. <\/p>\n","protected":false},"excerpt":{"rendered":"<p>La Municipalidad de Armstrong informa que el pr\u00f3ximo jueves 23 de agosto, la oficina de IAPOS permanecer\u00e1 cerrada ya que personal de dicha dependencia asistir\u00e1 a una capacitaci\u00f3n en la ciudad de Santa Fe. Muchas gracias.<\/p>\n","protected":false},"author":1,"featured_media":18201,"comment_status":"open","ping_status":"open","sticky":false,"template":"","format":"standard","meta":{"_jetpack_memberships_contains_paid_content":false,"footnotes":"","jetpack_publicize_message":"","jetpack_publicize_feature_enabled":true,"jetpack_social_post_already_shared":false,"jetpack_social_options":{"image_generator_settings":{"template":"highway","default_image_id":0,"enabled":false},"version":2}},"categories":[8,1,2],"tags":[7062],"class_list":["post-18393","post","type-post","status-publish","format-standard","has-post-thumbnail","hentry","category-deliberando","category-diario-armstrong","category-locales","tag-armstrong-comunicado-de-iapos"],"jetpack_publicize_connections":[],"jetpack_featured_media_url":"https:\/\/armstrongyregion.com.ar\/diario\/wp-content\/uploads\/2018\/08\/comunicados-2018.jpg","jetpack_shortlink":"https:\/\/wp.me\/p62QDO-4MF","jetpack_sharing_enabled":true,"amp_enabled":true,"_links":{"self":[{"href":"https:\/\/armstrongyregion.com.ar\/diario\/wp-json\/wp\/v2\/posts\/18393","targetHints":{"allow":["GET"]}}],"collection":[{"href":"https:\/\/armstrongyregion.com.ar\/diario\/wp-json\/wp\/v2\/posts"}],"about":[{"href":"https:\/\/armstrongyregion.com.ar\/diario\/wp-json\/wp\/v2\/types\/post"}],"author":[{"embeddable":true,"href":"https:\/\/armstrongyregion.com.ar\/diario\/wp-json\/wp\/v2\/users\/1"}],"replies":[{"embeddable":true,"href":"https:\/\/armstrongyregion.com.ar\/diario\/wp-json\/wp\/v2\/comments?post=18393"}],"version-history":[{"count":0,"href":"https:\/\/armstrongyregion.com.ar\/diario\/wp-json\/wp\/v2\/posts\/18393\/revisions"}],"wp:featuredmedia":[{"embeddable":true,"href":"https:\/\/armstrongyregion.com.ar\/diario\/wp-json\/wp\/v2\/media\/18201"}],"wp:attachment":[{"href":"https:\/\/armstrongyregion.com.ar\/diario\/wp-json\/wp\/v2\/media?parent=18393"}],"wp:term":[{"taxonomy":"category","embeddable":true,"href":"https:\/\/armstrongyregion.com.ar\/diario\/wp-json\/wp\/v2\/categories?post=18393"},{"taxonomy":"post_tag","embeddable":true,"href":"https:\/\/armstrongyregion.com.ar\/diario\/wp-json\/wp\/v2\/tags?post=18393"}],"curies":[{"name":"wp","href":"https:\/\/api.w.org\/{rel}","templated":true}]}}