{"id":18388,"date":"2018-08-21T14:32:00","date_gmt":"2018-08-21T14:32:00","guid":{"rendered":"https:\/\/armstrongyregion.com.ar\/diario\/?p=18388"},"modified":"2018-08-21T14:32:00","modified_gmt":"2018-08-21T14:32:00","slug":"conferencia-de-prensa-del-senador-guillermo-cornaglia-junto-a-orlando-veracruz","status":"publish","type":"post","link":"https:\/\/armstrongyregion.com.ar\/diario\/conferencia-de-prensa-del-senador-guillermo-cornaglia-junto-a-orlando-veracruz\/","title":{"rendered":"Conferencia de Prensa del Senador Guillermo Cornaglia junto a Orlando Veracruz."},"content":{"rendered":"<p><a href=\"http:\/\/armstrongyregion.com.ar\/diario\/wp-content\/uploads\/2018\/08\/Orli-Veracruz.jpg\"><img loading=\"lazy\" decoding=\"async\" src=\"http:\/\/armstrongyregion.com.ar\/diario\/wp-content\/uploads\/2018\/08\/Orli-Veracruz.jpg\" alt=\"Orli-Veracruz\" width=\"960\" height=\"720\" class=\"alignnone size-full wp-image-18389\" srcset=\"https:\/\/armstrongyregion.com.ar\/diario\/wp-content\/uploads\/2018\/08\/Orli-Veracruz.jpg 960w, https:\/\/armstrongyregion.com.ar\/diario\/wp-content\/uploads\/2018\/08\/Orli-Veracruz-300x225.jpg 300w\" sizes=\"auto, (max-width: 960px) 100vw, 960px\" \/><\/a>En el marco de su gira por el Dto. Belgrano, el cantautor santafesino tomo contacto con la prensa de la regi\u00f3n, en el Centro Tradicionalista Herencia Gaucha de Las Parejas, donde el mismo prepar\u00f3 un delicioso chupin para homenajear a los periodistas presentes.<br \/>\n\u201cAgradezco al Senador Cornaglia ya que me da la oportunidad de traer este espect\u00e1culo, donde los alumnos de las escuelas del Departamento Belgrano conocer\u00e1n la historia del Brigadier Estanislao L\u00f3pez con mi m\u00fasica y mis letras\u201d. Expres\u00f3 Orlando Veracruz quien comienza su gira este viernes 24 de agosto en el Club Barraca de nuestra ciudad para Escuelas Secundarias de Tortugas y Armstrong.<br \/>\nInforme para Armstrong y Region. Jorge Tagina.<\/p>\n","protected":false},"excerpt":{"rendered":"<p>En el marco de su gira por el Dto. Belgrano, el cantautor santafesino tomo contacto con la prensa de la regi\u00f3n, en el Centro Tradicionalista Herencia Gaucha de Las Parejas, donde el mismo prepar\u00f3 un delicioso chupin para homenajear a los periodistas presentes. \u201cAgradezco al Senador Cornaglia ya que me da la oportunidad de traer <a href=\"https:\/\/armstrongyregion.com.ar\/diario\/conferencia-de-prensa-del-senador-guillermo-cornaglia-junto-a-orlando-veracruz\/\" title=\"Read more\" >&#8230;<\/a><\/p>\n","protected":false},"author":1,"featured_media":18389,"comment_status":"open","ping_status":"open","sticky":false,"template":"","format":"standard","meta":{"_jetpack_memberships_contains_paid_content":false,"footnotes":"","jetpack_publicize_message":"","jetpack_publicize_feature_enabled":true,"jetpack_social_post_already_shared":false,"jetpack_social_options":{"image_generator_settings":{"template":"highway","default_image_id":0,"enabled":false},"version":2}},"categories":[8,1,7,3],"tags":[7060],"class_list":["post-18388","post","type-post","status-publish","format-standard","has-post-thumbnail","hentry","category-deliberando","category-diario-armstrong","category-politica","category-region","tag-conferencia-de-prensa-del-senador-guillermo-cornaglia-junto-a-orlando-veracruz"],"jetpack_publicize_connections":[],"jetpack_featured_media_url":"https:\/\/armstrongyregion.com.ar\/diario\/wp-content\/uploads\/2018\/08\/Orli-Veracruz.jpg","jetpack_shortlink":"https:\/\/wp.me\/p62QDO-4MA","jetpack_sharing_enabled":true,"amp_enabled":true,"_links":{"self":[{"href":"https:\/\/armstrongyregion.com.ar\/diario\/wp-json\/wp\/v2\/posts\/18388","targetHints":{"allow":["GET"]}}],"collection":[{"href":"https:\/\/armstrongyregion.com.ar\/diario\/wp-json\/wp\/v2\/posts"}],"about":[{"href":"https:\/\/armstrongyregion.com.ar\/diario\/wp-json\/wp\/v2\/types\/post"}],"author":[{"embeddable":true,"href":"https:\/\/armstrongyregion.com.ar\/diario\/wp-json\/wp\/v2\/users\/1"}],"replies":[{"embeddable":true,"href":"https:\/\/armstrongyregion.com.ar\/diario\/wp-json\/wp\/v2\/comments?post=18388"}],"version-history":[{"count":0,"href":"https:\/\/armstrongyregion.com.ar\/diario\/wp-json\/wp\/v2\/posts\/18388\/revisions"}],"wp:featuredmedia":[{"embeddable":true,"href":"https:\/\/armstrongyregion.com.ar\/diario\/wp-json\/wp\/v2\/media\/18389"}],"wp:attachment":[{"href":"https:\/\/armstrongyregion.com.ar\/diario\/wp-json\/wp\/v2\/media?parent=18388"}],"wp:term":[{"taxonomy":"category","embeddable":true,"href":"https:\/\/armstrongyregion.com.ar\/diario\/wp-json\/wp\/v2\/categories?post=18388"},{"taxonomy":"post_tag","embeddable":true,"href":"https:\/\/armstrongyregion.com.ar\/diario\/wp-json\/wp\/v2\/tags?post=18388"}],"curies":[{"name":"wp","href":"https:\/\/api.w.org\/{rel}","templated":true}]}}