{"id":18337,"date":"2018-08-16T23:58:08","date_gmt":"2018-08-16T23:58:08","guid":{"rendered":"https:\/\/armstrongyregion.com.ar\/diario\/?p=18337"},"modified":"2018-08-17T00:02:22","modified_gmt":"2018-08-17T00:02:22","slug":"armstrong-charla-taller-interaccion-y-vinculos-saludables","status":"publish","type":"post","link":"https:\/\/armstrongyregion.com.ar\/diario\/armstrong-charla-taller-interaccion-y-vinculos-saludables\/","title":{"rendered":"Armstrong. Charla- Taller \u201cInteracci\u00f3n y V\u00ednculos Saludables\u201d."},"content":{"rendered":"<p><a href=\"http:\/\/armstrongyregion.com.ar\/diario\/wp-content\/uploads\/2018\/08\/Taller-Vinculos-Monta1-.jpg\"><img loading=\"lazy\" decoding=\"async\" src=\"http:\/\/armstrongyregion.com.ar\/diario\/wp-content\/uploads\/2018\/08\/Taller-Vinculos-Monta1-.jpg\" alt=\"Taller-Vinculos-Monta1-\" width=\"960\" height=\"720\" class=\"alignnone size-full wp-image-18338\" srcset=\"https:\/\/armstrongyregion.com.ar\/diario\/wp-content\/uploads\/2018\/08\/Taller-Vinculos-Monta1-.jpg 960w, https:\/\/armstrongyregion.com.ar\/diario\/wp-content\/uploads\/2018\/08\/Taller-Vinculos-Monta1--300x225.jpg 300w\" sizes=\"auto, (max-width: 960px) 100vw, 960px\" \/><\/a>El pasado mi\u00e9rcoles 15 de agosto, se realizaron dos jornadas de Charla-Taller \u201cInteracci\u00f3n de V\u00ednculos Saludables\u201d. Por la ma\u00f1ana en la Escuela N\u00b0 600 y por la tarde en el SUM de la Escuela N\u00b0 33. Con la coordinaci\u00f3n de la Lic. Nancy Francalanza en el marco del proyecto de prevenciones S\u00ed a la Vida. El mismo apunta a la disminuci\u00f3n de la violencia, buenos tratos e inteligencia emocional.<br \/>\n<a href=\"http:\/\/armstrongyregion.com.ar\/diario\/wp-content\/uploads\/2018\/08\/Taller-vinculos-Monta.jpg\"><img loading=\"lazy\" decoding=\"async\" src=\"http:\/\/armstrongyregion.com.ar\/diario\/wp-content\/uploads\/2018\/08\/Taller-vinculos-Monta.jpg\" alt=\"Taller-vinculos-Monta\" width=\"768\" height=\"461\" class=\"alignnone size-full wp-image-18339\" srcset=\"https:\/\/armstrongyregion.com.ar\/diario\/wp-content\/uploads\/2018\/08\/Taller-vinculos-Monta.jpg 768w, https:\/\/armstrongyregion.com.ar\/diario\/wp-content\/uploads\/2018\/08\/Taller-vinculos-Monta-300x180.jpg 300w\" sizes=\"auto, (max-width: 768px) 100vw, 768px\" \/><\/a>Participaron del Taller docentes, estudiantes, padres y directivos de las localidades de Armstrong y Tortugas.<br \/>\nFuente: Mar\u00eda Ofelia Ebbio- Rub\u00e9n Montapponi.<\/p>\n","protected":false},"excerpt":{"rendered":"<p>El pasado mi\u00e9rcoles 15 de agosto, se realizaron dos jornadas de Charla-Taller \u201cInteracci\u00f3n de V\u00ednculos Saludables\u201d. Por la ma\u00f1ana en la Escuela N\u00b0 600 y por la tarde en el SUM de la Escuela N\u00b0 33. Con la coordinaci\u00f3n de la Lic. Nancy Francalanza en el marco del proyecto de prevenciones S\u00ed a la Vida. <a href=\"https:\/\/armstrongyregion.com.ar\/diario\/armstrong-charla-taller-interaccion-y-vinculos-saludables\/\" title=\"Read more\" >&#8230;<\/a><\/p>\n","protected":false},"author":1,"featured_media":18338,"comment_status":"open","ping_status":"open","sticky":false,"template":"","format":"standard","meta":{"_jetpack_memberships_contains_paid_content":false,"footnotes":"","jetpack_publicize_message":"","jetpack_publicize_feature_enabled":true,"jetpack_social_post_already_shared":false,"jetpack_social_options":{"image_generator_settings":{"template":"highway","default_image_id":0,"enabled":false},"version":2}},"categories":[6,1,2,4],"tags":[7045],"class_list":["post-18337","post","type-post","status-publish","format-standard","has-post-thumbnail","hentry","category-cultura-entretenimiento","category-diario-armstrong","category-locales","category-prevencion-salud","tag-armstrong-charla-taller-interaccion-y-vinculos-saludables"],"jetpack_publicize_connections":[],"jetpack_featured_media_url":"https:\/\/armstrongyregion.com.ar\/diario\/wp-content\/uploads\/2018\/08\/Taller-Vinculos-Monta1-.jpg","jetpack_shortlink":"https:\/\/wp.me\/p62QDO-4LL","jetpack_sharing_enabled":true,"amp_enabled":true,"_links":{"self":[{"href":"https:\/\/armstrongyregion.com.ar\/diario\/wp-json\/wp\/v2\/posts\/18337","targetHints":{"allow":["GET"]}}],"collection":[{"href":"https:\/\/armstrongyregion.com.ar\/diario\/wp-json\/wp\/v2\/posts"}],"about":[{"href":"https:\/\/armstrongyregion.com.ar\/diario\/wp-json\/wp\/v2\/types\/post"}],"author":[{"embeddable":true,"href":"https:\/\/armstrongyregion.com.ar\/diario\/wp-json\/wp\/v2\/users\/1"}],"replies":[{"embeddable":true,"href":"https:\/\/armstrongyregion.com.ar\/diario\/wp-json\/wp\/v2\/comments?post=18337"}],"version-history":[{"count":0,"href":"https:\/\/armstrongyregion.com.ar\/diario\/wp-json\/wp\/v2\/posts\/18337\/revisions"}],"wp:featuredmedia":[{"embeddable":true,"href":"https:\/\/armstrongyregion.com.ar\/diario\/wp-json\/wp\/v2\/media\/18338"}],"wp:attachment":[{"href":"https:\/\/armstrongyregion.com.ar\/diario\/wp-json\/wp\/v2\/media?parent=18337"}],"wp:term":[{"taxonomy":"category","embeddable":true,"href":"https:\/\/armstrongyregion.com.ar\/diario\/wp-json\/wp\/v2\/categories?post=18337"},{"taxonomy":"post_tag","embeddable":true,"href":"https:\/\/armstrongyregion.com.ar\/diario\/wp-json\/wp\/v2\/tags?post=18337"}],"curies":[{"name":"wp","href":"https:\/\/api.w.org\/{rel}","templated":true}]}}