{"id":1833,"date":"2015-04-20T16:28:23","date_gmt":"2015-04-20T16:28:23","guid":{"rendered":"https:\/\/armstrongyregion.com.ar\/diario\/?p=1833"},"modified":"2015-04-20T16:44:26","modified_gmt":"2015-04-20T16:44:26","slug":"reclamos-ante-los-datos-oficiales-de-la-eleccion","status":"publish","type":"post","link":"https:\/\/armstrongyregion.com.ar\/diario\/reclamos-ante-los-datos-oficiales-de-la-eleccion\/","title":{"rendered":"Reclamos ante los datos oficiales de la elecci\u00f3n."},"content":{"rendered":"<p><a href=\"http:\/\/armstrongyregion.com.ar\/diario\/wp-content\/uploads\/2015\/04\/Captura-mesaArmstrong2.jpg\"><img loading=\"lazy\" decoding=\"async\" class=\"alignnone size-medium wp-image-1834\" src=\"http:\/\/armstrongyregion.com.ar\/diario\/wp-content\/uploads\/2015\/04\/Captura-mesaArmstrong2-300x150.jpg\" alt=\"Captura-mesaArmstrong2\" width=\"300\" height=\"150\" srcset=\"https:\/\/armstrongyregion.com.ar\/diario\/wp-content\/uploads\/2015\/04\/Captura-mesaArmstrong2-300x150.jpg 300w, https:\/\/armstrongyregion.com.ar\/diario\/wp-content\/uploads\/2015\/04\/Captura-mesaArmstrong2.jpg 768w\" sizes=\"auto, (max-width: 300px) 100vw, 300px\" \/><\/a>Ante la diferencia entre los datos que manejan los partidos y lo publicado en la p\u00e1gina oficial del Tribunal Electoral de la provincia, algunos candidatos han hecho reclamo por los medios y lo har\u00e1n oficialmente. En la elecci\u00f3n por la senadur\u00eda dentro del Frente Progresista, Pablo Verdecchia afirma que faltan del escrutinio provisorio 4 mesas de Armstrong que cambian el resultado electoral, d\u00e1ndole la victoria sobre Valdano.<br \/>\nY en Las Rosas, Javier Meyer insiste que los resultados oficiales no se corresponden con la verdad de lo ocurrido, ya que \u00e9l cuenta con 1645 sufragios, superando a Mario Ramos. En el Tribunal Electoral no se registra la carga de las mesas 62 y 86 de nuestra ciudad.<\/p>\n<p>De Pablo Verdecchia. El actual intendente de Armstrong expres\u00f3 en Contacto FM que, tal como puede verse en la misma p\u00e1gina del Tribunal Electoral (foto), las mesas 4, 5, 6 y 7 de esa ciudad no fueron cargadas en el escrutinio provisorio. En ellas estar\u00edan los votos que lo hacen ganador de la interna para senador.<\/p>\n<p>De Javier Meyer. En su p\u00e1gina de facebook puede leerse: Por favor pido a los medios que no desinformen m\u00e1s al pueblo, las planillas firmadas por los presidentes de mesa son lo real, la info que est\u00e1n publicando en paginas oficiales es simple mentira, el 14 de junio marca un cambio de gobierno y con el muchos funcionarios a nivel local y provincial se ir\u00e1n. Pido sentido com\u00fan y los que se dicen funcionarios act\u00faen como tales, defiendan el pueblo no sus bolsillos e intereses personales y o partidarios.<\/p>\n<p>Fuente Las Rosas Digital.<\/p>\n","protected":false},"excerpt":{"rendered":"<p>Ante la diferencia entre los datos que manejan los partidos y lo publicado en la p\u00e1gina oficial del Tribunal Electoral de la provincia, algunos candidatos han hecho reclamo por los medios y lo har\u00e1n oficialmente. En la elecci\u00f3n por la senadur\u00eda dentro del Frente Progresista, Pablo Verdecchia afirma que faltan del escrutinio provisorio 4 mesas <a href=\"https:\/\/armstrongyregion.com.ar\/diario\/reclamos-ante-los-datos-oficiales-de-la-eleccion\/\" title=\"Read more\" >&#8230;<\/a><\/p>\n","protected":false},"author":2,"featured_media":1834,"comment_status":"closed","ping_status":"closed","sticky":false,"template":"","format":"standard","meta":{"_jetpack_memberships_contains_paid_content":false,"footnotes":"","jetpack_publicize_message":"","jetpack_publicize_feature_enabled":true,"jetpack_social_post_already_shared":false,"jetpack_social_options":{"image_generator_settings":{"template":"highway","default_image_id":0,"enabled":false},"version":2}},"categories":[1,7,3],"tags":[607,1483,19,1484,31,42,561,1482],"class_list":["post-1833","post","type-post","status-publish","format-standard","has-post-thumbnail","hentry","category-diario-armstrong","category-politica","category-region","tag-ante","tag-datos","tag-de","tag-eleccion","tag-la","tag-los","tag-oficiales","tag-reclamos"],"jetpack_publicize_connections":[],"jetpack_featured_media_url":"https:\/\/armstrongyregion.com.ar\/diario\/wp-content\/uploads\/2015\/04\/Captura-mesaArmstrong2.jpg","jetpack_shortlink":"https:\/\/wp.me\/p62QDO-tz","jetpack_sharing_enabled":true,"amp_enabled":true,"_links":{"self":[{"href":"https:\/\/armstrongyregion.com.ar\/diario\/wp-json\/wp\/v2\/posts\/1833","targetHints":{"allow":["GET"]}}],"collection":[{"href":"https:\/\/armstrongyregion.com.ar\/diario\/wp-json\/wp\/v2\/posts"}],"about":[{"href":"https:\/\/armstrongyregion.com.ar\/diario\/wp-json\/wp\/v2\/types\/post"}],"author":[{"embeddable":true,"href":"https:\/\/armstrongyregion.com.ar\/diario\/wp-json\/wp\/v2\/users\/2"}],"replies":[{"embeddable":true,"href":"https:\/\/armstrongyregion.com.ar\/diario\/wp-json\/wp\/v2\/comments?post=1833"}],"version-history":[{"count":0,"href":"https:\/\/armstrongyregion.com.ar\/diario\/wp-json\/wp\/v2\/posts\/1833\/revisions"}],"wp:featuredmedia":[{"embeddable":true,"href":"https:\/\/armstrongyregion.com.ar\/diario\/wp-json\/wp\/v2\/media\/1834"}],"wp:attachment":[{"href":"https:\/\/armstrongyregion.com.ar\/diario\/wp-json\/wp\/v2\/media?parent=1833"}],"wp:term":[{"taxonomy":"category","embeddable":true,"href":"https:\/\/armstrongyregion.com.ar\/diario\/wp-json\/wp\/v2\/categories?post=1833"},{"taxonomy":"post_tag","embeddable":true,"href":"https:\/\/armstrongyregion.com.ar\/diario\/wp-json\/wp\/v2\/tags?post=1833"}],"curies":[{"name":"wp","href":"https:\/\/api.w.org\/{rel}","templated":true}]}}