{"id":18249,"date":"2018-08-10T15:22:25","date_gmt":"2018-08-10T15:22:25","guid":{"rendered":"https:\/\/armstrongyregion.com.ar\/diario\/?p=18249"},"modified":"2018-08-10T15:22:25","modified_gmt":"2018-08-10T15:22:25","slug":"pilito-arzani-por-leonardo-giudicci","status":"publish","type":"post","link":"https:\/\/armstrongyregion.com.ar\/diario\/pilito-arzani-por-leonardo-giudicci\/","title":{"rendered":"\u00abPilito Arzani\u00bb. Por Leonardo Giudicci."},"content":{"rendered":"<p><a href=\"http:\/\/armstrongyregion.com.ar\/diario\/wp-content\/uploads\/2018\/08\/pilito-arsani.jpg\"><img loading=\"lazy\" decoding=\"async\" src=\"http:\/\/armstrongyregion.com.ar\/diario\/wp-content\/uploads\/2018\/08\/pilito-arsani.jpg\" alt=\"pilito-arsani\" width=\"768\" height=\"631\" class=\"alignnone size-full wp-image-18250\" srcset=\"https:\/\/armstrongyregion.com.ar\/diario\/wp-content\/uploads\/2018\/08\/pilito-arsani.jpg 768w, https:\/\/armstrongyregion.com.ar\/diario\/wp-content\/uploads\/2018\/08\/pilito-arsani-300x246.jpg 300w\" sizes=\"auto, (max-width: 768px) 100vw, 768px\" \/><\/a>El 24 de Agosto hubiera cumplido 91 a\u00f1os Aida Esbel Sereno de Arzani, conocida en toda la Ciudad y desde sus origenes como Pilito, la Compa\u00f1era con may\u00fasculas, militantes social, docente, escritora y profundamente Peronista, colaboradora de Evita en los or\u00edgenes del voto femenino y la constituci\u00f3n del Movimiento Peronista Femenino.<br \/>\nEn efecto, la Delegada Censista  de Rosario nombra a su madre Matilde Palacios de Sereno Sub-Delegada Censista de la organizaci\u00f3n creada por Evita, que se plasm\u00f3 en la Unidad B\u00e1sica Femenina en Armstrong, el fallecimiento temprano de su madre hace que nuevamente sea convocada para que contin\u00fae ella como Sub Delegada.<br \/>\nSiempre con su sonrisa y finos modales transformaba sentimientos en palabras, y era muy clara cuando narraba esos primeros tiempos, como ella dec\u00eda, cuando las calles de tierra de entonces, bordeada de altas veredas, era testigo de las caravanas de la clase obrera, como ella misma se consideraba y consideraba a los manifestantes. Tambi\u00e9n de contaba como el resto de la poblaci\u00f3n miraba asombrado a esas personas y algunos tambi\u00e9n burlones.<br \/>\nTampoco se olvidaba  de sus primeras colaboradoras, Benita Sanchez y Juanita Fernandez y de algunas travesuras como cuando en un festejo de alguna elecci\u00f3n utilizaron una vitrola de una distinguida familia antiperonista de nuestra ciudad. Familia que nunca supo que su vitrola acompa\u00f1o la Marcha Peronista.<br \/>\nTambi\u00e9n tuvo muchos sinsabores, despu\u00e9s de 1955, cuando fue perseguida, detenida y en ocasiones humillada, como cuando una vez, la polic\u00eda, interrumpi\u00f3 la proyecci\u00f3n de una pel\u00edcula en el Cine Pancheri, encendieron las luces , al solo efecto de pedirle documentos.<br \/>\nEl tiempo pas\u00f3 y sigui\u00f3 colaborando con su querida escuela 600, fue impulsora  de su Cooperadora y de su comedor escolar. Tambi\u00e9n durante varios a\u00f1os fue docente rural en Campo Spagnolo. Fue colaboradora de ACOA  y asidua concurrente a los caf\u00e9 literarios de la Biblioteca Popular Sarmiento. Escrib\u00eda y era un deleite escuchar sus recitados.<br \/>\nSiempre toda su actividad tuvo un marco de ayuda al bien com\u00fan y coherente con sus ideas.<br \/>\nEste es un  merecido homenaje  a su militancia.<\/p>\n","protected":false},"excerpt":{"rendered":"<p>El 24 de Agosto hubiera cumplido 91 a\u00f1os Aida Esbel Sereno de Arzani, conocida en toda la Ciudad y desde sus origenes como Pilito, la Compa\u00f1era con may\u00fasculas, militantes social, docente, escritora y profundamente Peronista, colaboradora de Evita en los or\u00edgenes del voto femenino y la constituci\u00f3n del Movimiento Peronista Femenino. En efecto, la Delegada <a href=\"https:\/\/armstrongyregion.com.ar\/diario\/pilito-arzani-por-leonardo-giudicci\/\" title=\"Read more\" >&#8230;<\/a><\/p>\n","protected":false},"author":1,"featured_media":18250,"comment_status":"open","ping_status":"open","sticky":false,"template":"","format":"standard","meta":{"_jetpack_memberships_contains_paid_content":false,"footnotes":"","jetpack_publicize_message":"","jetpack_publicize_feature_enabled":true,"jetpack_social_post_already_shared":false,"jetpack_social_options":{"image_generator_settings":{"template":"highway","default_image_id":0,"enabled":false},"version":2}},"categories":[6,8,1,2,7,3],"tags":[7020],"class_list":["post-18249","post","type-post","status-publish","format-standard","has-post-thumbnail","hentry","category-cultura-entretenimiento","category-deliberando","category-diario-armstrong","category-locales","category-politica","category-region","tag-pilito-arzani-por-leonardo-giudicci"],"jetpack_publicize_connections":[],"jetpack_featured_media_url":"https:\/\/armstrongyregion.com.ar\/diario\/wp-content\/uploads\/2018\/08\/pilito-arsani.jpg","jetpack_shortlink":"https:\/\/wp.me\/p62QDO-4Kl","jetpack_sharing_enabled":true,"amp_enabled":true,"_links":{"self":[{"href":"https:\/\/armstrongyregion.com.ar\/diario\/wp-json\/wp\/v2\/posts\/18249","targetHints":{"allow":["GET"]}}],"collection":[{"href":"https:\/\/armstrongyregion.com.ar\/diario\/wp-json\/wp\/v2\/posts"}],"about":[{"href":"https:\/\/armstrongyregion.com.ar\/diario\/wp-json\/wp\/v2\/types\/post"}],"author":[{"embeddable":true,"href":"https:\/\/armstrongyregion.com.ar\/diario\/wp-json\/wp\/v2\/users\/1"}],"replies":[{"embeddable":true,"href":"https:\/\/armstrongyregion.com.ar\/diario\/wp-json\/wp\/v2\/comments?post=18249"}],"version-history":[{"count":0,"href":"https:\/\/armstrongyregion.com.ar\/diario\/wp-json\/wp\/v2\/posts\/18249\/revisions"}],"wp:featuredmedia":[{"embeddable":true,"href":"https:\/\/armstrongyregion.com.ar\/diario\/wp-json\/wp\/v2\/media\/18250"}],"wp:attachment":[{"href":"https:\/\/armstrongyregion.com.ar\/diario\/wp-json\/wp\/v2\/media?parent=18249"}],"wp:term":[{"taxonomy":"category","embeddable":true,"href":"https:\/\/armstrongyregion.com.ar\/diario\/wp-json\/wp\/v2\/categories?post=18249"},{"taxonomy":"post_tag","embeddable":true,"href":"https:\/\/armstrongyregion.com.ar\/diario\/wp-json\/wp\/v2\/tags?post=18249"}],"curies":[{"name":"wp","href":"https:\/\/api.w.org\/{rel}","templated":true}]}}