{"id":18209,"date":"2018-08-07T00:10:28","date_gmt":"2018-08-07T00:10:28","guid":{"rendered":"https:\/\/armstrongyregion.com.ar\/diario\/?p=18209"},"modified":"2018-08-07T00:10:28","modified_gmt":"2018-08-07T00:10:28","slug":"feria-de-colores-y-sabores-y-exposicion-de-autos-clasicos-y-antiguos","status":"publish","type":"post","link":"https:\/\/armstrongyregion.com.ar\/diario\/feria-de-colores-y-sabores-y-exposicion-de-autos-clasicos-y-antiguos\/","title":{"rendered":"Feria de Colores y Sabores y Exposici\u00f3n de Autos Cl\u00e1sicos y Antiguos."},"content":{"rendered":"<p><a href=\"http:\/\/armstrongyregion.com.ar\/diario\/wp-content\/uploads\/2018\/08\/feria-12-agosto-2018.jpg\"><img loading=\"lazy\" decoding=\"async\" src=\"http:\/\/armstrongyregion.com.ar\/diario\/wp-content\/uploads\/2018\/08\/feria-12-agosto-2018.jpg\" alt=\"feria 12 agosto 2018\" width=\"768\" height=\"542\" class=\"alignnone size-full wp-image-18210\" srcset=\"https:\/\/armstrongyregion.com.ar\/diario\/wp-content\/uploads\/2018\/08\/feria-12-agosto-2018.jpg 768w, https:\/\/armstrongyregion.com.ar\/diario\/wp-content\/uploads\/2018\/08\/feria-12-agosto-2018-300x212.jpg 300w\" sizes=\"auto, (max-width: 768px) 100vw, 768px\" \/><\/a>La Municipalidad de Armstrong invita a participar de una nueva feria de Sabores y Colores Locales que se realizar\u00e1 este domingo 12 de agosto a partir de las 11 hs. en el paseo artesanal del parque Bracito Fuerte.<br \/>\nHabr\u00e1 m\u00e1s de 40 emprendedores de nuestra ciudad y la regi\u00f3n que estar\u00e1n ofreciendo sus productos elaborados artesanalmente.<br \/>\nPanificaci\u00f3n, artesan\u00edas en vidrio, madera, textil, macram\u00e9, bijouterie, tejidos, bordados, accesorios para ni\u00f1as, productos regionales, quesos, mermeladas, almohadones, cervezas artesanales, servicio de maquillaje art\u00edstico y maquillaje de ni\u00f1os, dibujo, pintura de ni\u00f1os, sahumerios, l\u00e1mparas y mucho m\u00e1s.<br \/>\nEn esta oportunidad tambi\u00e9n habr\u00e1 Exposici\u00f3n de Autos, Cl\u00e1sicos y Antiguos.<br \/>\nAdem\u00e1s, espect\u00e1culos en vivo, sorteos, m\u00fasica y servicio de buffet. Se suspender\u00e1 en caso de lluvia.<\/p>\n","protected":false},"excerpt":{"rendered":"<p>La Municipalidad de Armstrong invita a participar de una nueva feria de Sabores y Colores Locales que se realizar\u00e1 este domingo 12 de agosto a partir de las 11 hs. en el paseo artesanal del parque Bracito Fuerte. Habr\u00e1 m\u00e1s de 40 emprendedores de nuestra ciudad y la regi\u00f3n que estar\u00e1n ofreciendo sus productos elaborados <a href=\"https:\/\/armstrongyregion.com.ar\/diario\/feria-de-colores-y-sabores-y-exposicion-de-autos-clasicos-y-antiguos\/\" title=\"Read more\" >&#8230;<\/a><\/p>\n","protected":false},"author":1,"featured_media":18210,"comment_status":"open","ping_status":"open","sticky":false,"template":"","format":"standard","meta":{"_jetpack_memberships_contains_paid_content":false,"footnotes":"","jetpack_publicize_message":"","jetpack_publicize_feature_enabled":true,"jetpack_social_post_already_shared":false,"jetpack_social_options":{"image_generator_settings":{"template":"highway","default_image_id":0,"enabled":false},"version":2}},"categories":[6,8,1,2],"tags":[7012],"class_list":["post-18209","post","type-post","status-publish","format-standard","has-post-thumbnail","hentry","category-cultura-entretenimiento","category-deliberando","category-diario-armstrong","category-locales","tag-feria-de-colores-y-sabores-y-exposicion-de-autos-clasicos-y-antiguos"],"jetpack_publicize_connections":[],"jetpack_featured_media_url":"https:\/\/armstrongyregion.com.ar\/diario\/wp-content\/uploads\/2018\/08\/feria-12-agosto-2018.jpg","jetpack_shortlink":"https:\/\/wp.me\/p62QDO-4JH","jetpack_sharing_enabled":true,"amp_enabled":true,"_links":{"self":[{"href":"https:\/\/armstrongyregion.com.ar\/diario\/wp-json\/wp\/v2\/posts\/18209","targetHints":{"allow":["GET"]}}],"collection":[{"href":"https:\/\/armstrongyregion.com.ar\/diario\/wp-json\/wp\/v2\/posts"}],"about":[{"href":"https:\/\/armstrongyregion.com.ar\/diario\/wp-json\/wp\/v2\/types\/post"}],"author":[{"embeddable":true,"href":"https:\/\/armstrongyregion.com.ar\/diario\/wp-json\/wp\/v2\/users\/1"}],"replies":[{"embeddable":true,"href":"https:\/\/armstrongyregion.com.ar\/diario\/wp-json\/wp\/v2\/comments?post=18209"}],"version-history":[{"count":0,"href":"https:\/\/armstrongyregion.com.ar\/diario\/wp-json\/wp\/v2\/posts\/18209\/revisions"}],"wp:featuredmedia":[{"embeddable":true,"href":"https:\/\/armstrongyregion.com.ar\/diario\/wp-json\/wp\/v2\/media\/18210"}],"wp:attachment":[{"href":"https:\/\/armstrongyregion.com.ar\/diario\/wp-json\/wp\/v2\/media?parent=18209"}],"wp:term":[{"taxonomy":"category","embeddable":true,"href":"https:\/\/armstrongyregion.com.ar\/diario\/wp-json\/wp\/v2\/categories?post=18209"},{"taxonomy":"post_tag","embeddable":true,"href":"https:\/\/armstrongyregion.com.ar\/diario\/wp-json\/wp\/v2\/tags?post=18209"}],"curies":[{"name":"wp","href":"https:\/\/api.w.org\/{rel}","templated":true}]}}