{"id":18200,"date":"2018-08-06T16:03:19","date_gmt":"2018-08-06T16:03:19","guid":{"rendered":"https:\/\/armstrongyregion.com.ar\/diario\/?p=18200"},"modified":"2018-08-06T16:03:19","modified_gmt":"2018-08-06T16:03:19","slug":"armstrong-comunicado-por-transito-reducido","status":"publish","type":"post","link":"https:\/\/armstrongyregion.com.ar\/diario\/armstrong-comunicado-por-transito-reducido\/","title":{"rendered":"Armstrong. Comunicado por tr\u00e1nsito reducido."},"content":{"rendered":"<p><a href=\"http:\/\/armstrongyregion.com.ar\/diario\/wp-content\/uploads\/2018\/08\/comunicados-2018.jpg\"><img loading=\"lazy\" decoding=\"async\" src=\"http:\/\/armstrongyregion.com.ar\/diario\/wp-content\/uploads\/2018\/08\/comunicados-2018.jpg\" alt=\"comunicados 2018\" width=\"768\" height=\"541\" class=\"alignnone size-full wp-image-18201\" srcset=\"https:\/\/armstrongyregion.com.ar\/diario\/wp-content\/uploads\/2018\/08\/comunicados-2018.jpg 768w, https:\/\/armstrongyregion.com.ar\/diario\/wp-content\/uploads\/2018\/08\/comunicados-2018-300x211.jpg 300w\" sizes=\"auto, (max-width: 768px) 100vw, 768px\" \/><\/a>La Municipalidad de Armstrong informa que el tr\u00e1nsito se encuentra reducido por obras en calle Cuffia, entre Belgrano y Castellanos.<br \/>\nSe solicita a la ciudadan\u00eda respetar la se\u00f1alizaci\u00f3n para evitar inconvenientes.<br \/>\nDesde ya muchas gracias.<\/p>\n","protected":false},"excerpt":{"rendered":"<p>La Municipalidad de Armstrong informa que el tr\u00e1nsito se encuentra reducido por obras en calle Cuffia, entre Belgrano y Castellanos. Se solicita a la ciudadan\u00eda respetar la se\u00f1alizaci\u00f3n para evitar inconvenientes. Desde ya muchas gracias.<\/p>\n","protected":false},"author":1,"featured_media":18201,"comment_status":"open","ping_status":"open","sticky":false,"template":"","format":"standard","meta":{"_jetpack_memberships_contains_paid_content":false,"footnotes":"","jetpack_publicize_message":"","jetpack_publicize_feature_enabled":true,"jetpack_social_post_already_shared":false,"jetpack_social_options":{"image_generator_settings":{"template":"highway","default_image_id":0,"enabled":false},"version":2}},"categories":[8,1,2],"tags":[7009],"class_list":["post-18200","post","type-post","status-publish","format-standard","has-post-thumbnail","hentry","category-deliberando","category-diario-armstrong","category-locales","tag-comunicado-por-transito-reducido"],"jetpack_publicize_connections":[],"jetpack_featured_media_url":"https:\/\/armstrongyregion.com.ar\/diario\/wp-content\/uploads\/2018\/08\/comunicados-2018.jpg","jetpack_shortlink":"https:\/\/wp.me\/p62QDO-4Jy","jetpack_sharing_enabled":true,"amp_enabled":true,"_links":{"self":[{"href":"https:\/\/armstrongyregion.com.ar\/diario\/wp-json\/wp\/v2\/posts\/18200","targetHints":{"allow":["GET"]}}],"collection":[{"href":"https:\/\/armstrongyregion.com.ar\/diario\/wp-json\/wp\/v2\/posts"}],"about":[{"href":"https:\/\/armstrongyregion.com.ar\/diario\/wp-json\/wp\/v2\/types\/post"}],"author":[{"embeddable":true,"href":"https:\/\/armstrongyregion.com.ar\/diario\/wp-json\/wp\/v2\/users\/1"}],"replies":[{"embeddable":true,"href":"https:\/\/armstrongyregion.com.ar\/diario\/wp-json\/wp\/v2\/comments?post=18200"}],"version-history":[{"count":0,"href":"https:\/\/armstrongyregion.com.ar\/diario\/wp-json\/wp\/v2\/posts\/18200\/revisions"}],"wp:featuredmedia":[{"embeddable":true,"href":"https:\/\/armstrongyregion.com.ar\/diario\/wp-json\/wp\/v2\/media\/18201"}],"wp:attachment":[{"href":"https:\/\/armstrongyregion.com.ar\/diario\/wp-json\/wp\/v2\/media?parent=18200"}],"wp:term":[{"taxonomy":"category","embeddable":true,"href":"https:\/\/armstrongyregion.com.ar\/diario\/wp-json\/wp\/v2\/categories?post=18200"},{"taxonomy":"post_tag","embeddable":true,"href":"https:\/\/armstrongyregion.com.ar\/diario\/wp-json\/wp\/v2\/tags?post=18200"}],"curies":[{"name":"wp","href":"https:\/\/api.w.org\/{rel}","templated":true}]}}