{"id":18190,"date":"2018-08-06T13:57:45","date_gmt":"2018-08-06T13:57:45","guid":{"rendered":"https:\/\/armstrongyregion.com.ar\/diario\/?p=18190"},"modified":"2018-08-06T13:57:45","modified_gmt":"2018-08-06T13:57:45","slug":"la-unr-comienza-un-paro-que-pone-en-jaque-el-ciclo-lectivo","status":"publish","type":"post","link":"https:\/\/armstrongyregion.com.ar\/diario\/la-unr-comienza-un-paro-que-pone-en-jaque-el-ciclo-lectivo\/","title":{"rendered":"La UNR comienza un paro que pone en jaque el ciclo lectivo."},"content":{"rendered":"<p><a href=\"http:\/\/armstrongyregion.com.ar\/diario\/wp-content\/uploads\/2018\/08\/fac.jpg_1305449671.jpg\"><img loading=\"lazy\" decoding=\"async\" src=\"http:\/\/armstrongyregion.com.ar\/diario\/wp-content\/uploads\/2018\/08\/fac.jpg_1305449671.jpg\" alt=\"fac.jpg_1305449671\" width=\"847\" height=\"476\" class=\"alignnone size-full wp-image-18191\" srcset=\"https:\/\/armstrongyregion.com.ar\/diario\/wp-content\/uploads\/2018\/08\/fac.jpg_1305449671.jpg 847w, https:\/\/armstrongyregion.com.ar\/diario\/wp-content\/uploads\/2018\/08\/fac.jpg_1305449671-300x169.jpg 300w\" sizes=\"auto, (max-width: 847px) 100vw, 847px\" \/><\/a>La medida, por tiempo indeterminado, afecta a todas las universidades nacionales e incluir\u00e1 movilizaciones y actividades itinerantes. Los docentes endurecen su plan de lucha por reclamos salariales y porque ven \u00aben riesgo la educaci\u00f3n p\u00fablica\u00bb. No hay indicios sobre una fecha para retomar las clases.<br \/>\nLos docentes universitarios de todo el pa\u00eds comienzan este lunes un paro por tiempo indeterminado por los prolongados reclamos salariales que mantienen ante el gobierno nacional.<\/p>\n<p>La medida de fuerza, que tambi\u00e9n incluir\u00e1 movilizaciones y actividades itinerantes, podr\u00eda extenderse a lo largo de todo el \u00faltimo cuatrimestre si no aparece una soluci\u00f3n a la reapertura de paritarias por una recomposici\u00f3n de sueldos.<\/p>\n<p>Los profesores agrupados en las federaciones Conadu y Conadu Hist\u00f3rica coincidieron, un mes atr\u00e1s, en declarar el no inicio de clases a partir del 6 agosto, despu\u00e9s del receso de invierno.<\/p>\n<p>Tras una consulta en las universidades, incluida la UNR (facultades y escuelas), los profesores sostuvieron el reclamo de 25 por ciento de aumento salarial (y rechazar la oferta del 15 del gobierno nacional) y lanzaron un nuevo plan de lucha, con paros y movilizaciones.<\/p>\n<p>\u201cEl gobierno no tiene voluntad para discutir una propuesta salarial distinta al 15% de aumento que ya nos hicieron en marzo. Y el ajuste presupuestario va a significar que en alg\u00fan momento se produzcan p\u00e9rdidas de fuentes de trabajo en las universidades\u201d, se\u00f1alaron oportunamente.<\/p>\n<p>Las consultas en las universidades p\u00fablicas dejaron como resultado que m\u00e1s del 85% de la comunidad docente apoya la decisi\u00f3n de no retomar las clases el 6 de agosto: el viernes 10 se producir\u00e1 un nuevo plenario de secretarios y secretarias generales para evaluar la medida de fuerza. Tambi\u00e9n se dispuso una movilizaci\u00f3n universitaria conjunta.<\/p>\n<p>\u201cSer\u00eda una tragedia\u201d<\/p>\n<p>En medio del receso, el rector de la UNR, H\u00e9ctor Floriani, habl\u00f3 en Radio 2 del conflicto y opin\u00f3 que \u201ccuatro meses sin clases en las universidades ser\u00eda, sin temor a exagerar, una tragedia\u201d, en caso que la medida se extienda.<\/p>\n<p>\u201cEs una situaci\u00f3n dif\u00edcil, compleja. La \u00faltima vez que pas\u00f3 esto fue en 2014 pero se pudo resolver bastante r\u00e1pido, un mes despu\u00e9s m\u00e1s o menos se levant\u00f3\u201d, record\u00f3 Floriani, confiado en una r\u00e1pida resoluci\u00f3n.<\/p>\n<p>En ese marco, remarc\u00f3: \u201cAntes de ser rector, fui, soy y ser\u00e9 docente. Entonces el problema lo siento como propio. Hay que encontrar un punto medio entre el derecho del docente a reclamar una recomposici\u00f3n salarial y el derecho de los estudiantes a tener clases\u201d.<\/p>\n<p>Universidad Itinerante<\/p>\n<p>En otro orden, la Coad elabor\u00f3 la propuesta de la Universidad Itinerante, a realizarse desde este lunes, siguiendo el ejemplo de la Escuela Itinerante que la Ctera instal\u00f3 en distintos lugares del pa\u00eds desde 2017.<\/p>\n<p>\u00abQueremos  hacer visible el valor de la educaci\u00f3n p\u00fablica y, tambi\u00e9n, la demanda de convocatoria de la paritaria nacional docente\u201d, destac\u00f3 la secretaria general de Coad, Laura Ferrer Varela.<\/p>\n<p>Y advirti\u00f3: \u201cNuestra lucha va m\u00e1s all\u00e1 de la reivindicaci\u00f3n de salarios dignos. Vemos a la universidad p\u00fablica en riesgo y por eso queremos que toda la ciudadan\u00eda debe conocer qu\u00e9 pasa hoy en la UNR como en el resto de las instituciones universitarias del pa\u00eds\u00bb.<\/p>\n<p>En ese sentido, confirm\u00f3 que este lunes, de 10 a 14, la Universidad Itinerante funcionar\u00e1 en la Plaza Montenegro (San Luis y San Mart\u00edn).<\/p>\n<p>Adem\u00e1s, durante la jornada, en la ciudad de Casilda habr\u00e1 una marcha desde la Facultad de Veterinarias hasta las Cuatro Plazas, desde la 9, y en Zavalla una volanteada con clase p\u00fablica  en la intersecci\u00f3n de ruta 33 y Vilarino.<br \/>\nFuente: Rosario3.com<\/p>\n","protected":false},"excerpt":{"rendered":"<p>La medida, por tiempo indeterminado, afecta a todas las universidades nacionales e incluir\u00e1 movilizaciones y actividades itinerantes. Los docentes endurecen su plan de lucha por reclamos salariales y porque ven \u00aben riesgo la educaci\u00f3n p\u00fablica\u00bb. No hay indicios sobre una fecha para retomar las clases. Los docentes universitarios de todo el pa\u00eds comienzan este lunes <a href=\"https:\/\/armstrongyregion.com.ar\/diario\/la-unr-comienza-un-paro-que-pone-en-jaque-el-ciclo-lectivo\/\" title=\"Read more\" >&#8230;<\/a><\/p>\n","protected":false},"author":1,"featured_media":18191,"comment_status":"open","ping_status":"open","sticky":false,"template":"","format":"standard","meta":{"_jetpack_memberships_contains_paid_content":false,"footnotes":"","jetpack_publicize_message":"","jetpack_publicize_feature_enabled":true,"jetpack_social_post_already_shared":false,"jetpack_social_options":{"image_generator_settings":{"template":"highway","default_image_id":0,"enabled":false},"version":2}},"categories":[8,1,7,3],"tags":[7006],"class_list":["post-18190","post","type-post","status-publish","format-standard","has-post-thumbnail","hentry","category-deliberando","category-diario-armstrong","category-politica","category-region","tag-la-unr-comienza-un-paro-que-pone-en-jaque-el-ciclo-lectivo"],"jetpack_publicize_connections":[],"jetpack_featured_media_url":"https:\/\/armstrongyregion.com.ar\/diario\/wp-content\/uploads\/2018\/08\/fac.jpg_1305449671.jpg","jetpack_shortlink":"https:\/\/wp.me\/p62QDO-4Jo","jetpack_sharing_enabled":true,"amp_enabled":true,"_links":{"self":[{"href":"https:\/\/armstrongyregion.com.ar\/diario\/wp-json\/wp\/v2\/posts\/18190","targetHints":{"allow":["GET"]}}],"collection":[{"href":"https:\/\/armstrongyregion.com.ar\/diario\/wp-json\/wp\/v2\/posts"}],"about":[{"href":"https:\/\/armstrongyregion.com.ar\/diario\/wp-json\/wp\/v2\/types\/post"}],"author":[{"embeddable":true,"href":"https:\/\/armstrongyregion.com.ar\/diario\/wp-json\/wp\/v2\/users\/1"}],"replies":[{"embeddable":true,"href":"https:\/\/armstrongyregion.com.ar\/diario\/wp-json\/wp\/v2\/comments?post=18190"}],"version-history":[{"count":0,"href":"https:\/\/armstrongyregion.com.ar\/diario\/wp-json\/wp\/v2\/posts\/18190\/revisions"}],"wp:featuredmedia":[{"embeddable":true,"href":"https:\/\/armstrongyregion.com.ar\/diario\/wp-json\/wp\/v2\/media\/18191"}],"wp:attachment":[{"href":"https:\/\/armstrongyregion.com.ar\/diario\/wp-json\/wp\/v2\/media?parent=18190"}],"wp:term":[{"taxonomy":"category","embeddable":true,"href":"https:\/\/armstrongyregion.com.ar\/diario\/wp-json\/wp\/v2\/categories?post=18190"},{"taxonomy":"post_tag","embeddable":true,"href":"https:\/\/armstrongyregion.com.ar\/diario\/wp-json\/wp\/v2\/tags?post=18190"}],"curies":[{"name":"wp","href":"https:\/\/api.w.org\/{rel}","templated":true}]}}