{"id":18185,"date":"2018-08-06T12:37:48","date_gmt":"2018-08-06T12:37:48","guid":{"rendered":"https:\/\/armstrongyregion.com.ar\/diario\/?p=18185"},"modified":"2018-08-06T12:46:39","modified_gmt":"2018-08-06T12:46:39","slug":"grupo-renacer-padres-que-enfrentan-la-muerte-de-sus-hijos-por-claudia-martinez-y-monica-alvarez","status":"publish","type":"post","link":"https:\/\/armstrongyregion.com.ar\/diario\/grupo-renacer-padres-que-enfrentan-la-muerte-de-sus-hijos-por-claudia-martinez-y-monica-alvarez\/","title":{"rendered":"Grupo RENACER, padres que enfrentan la p\u00e9rdida de sus hijos. Por Claudia Martinez y M\u00f3nica Alvarez."},"content":{"rendered":"<p><a href=\"http:\/\/armstrongyregion.com.ar\/diario\/wp-content\/uploads\/2018\/08\/Katy-Martinez-.jpg\"><img loading=\"lazy\" decoding=\"async\" src=\"http:\/\/armstrongyregion.com.ar\/diario\/wp-content\/uploads\/2018\/08\/Katy-Martinez-.jpg\" alt=\"Katy-Martinez-\" width=\"768\" height=\"512\" class=\"alignnone size-full wp-image-18186\" srcset=\"https:\/\/armstrongyregion.com.ar\/diario\/wp-content\/uploads\/2018\/08\/Katy-Martinez-.jpg 768w, https:\/\/armstrongyregion.com.ar\/diario\/wp-content\/uploads\/2018\/08\/Katy-Martinez--300x200.jpg 300w\" sizes=\"auto, (max-width: 768px) 100vw, 768px\" \/><\/a>Hoy en Programa televisivo \u201cPrevencion y Salud\u201d dos integrantes del Grupo RENACER de la localidad de Carcara\u00f1\u00e1, Claudia Mart\u00ednez y M\u00f3nica Alvarez, nos informaran de que se trata esta instituci\u00f3n, quienes lo integran y quienes deber\u00edan de sumarse.<br \/>\nObjetivos de Renacer:  A) Enfrentar el dolor (la realidad dolorosa) B) Aprender de esta realidad que nos toca vivir C) Otorgar al sufrimiento un sentido, y en este proceso D) Dar un nuevo significado a la vida.<br \/>\nDe esta manera dejamos amplia libertad a cada padre para que haga su aprendizaje y encuentre sentido a su vida, a su sufrimiento. As\u00ed, el padre que a trav\u00e9s del dolor descubre (asombrado) su dimensi\u00f3n espiritual, y a trav\u00e9s de ella su capacidad de trascender y renunciar a su sufrimiento, lo har\u00e1 a trav\u00e9s de lo que escucha, cada vez diferente, en RENACER; de su propio camino intuitivo, alimentado por el AMOR que encuentra en el recibimiento y en las reuniones en si, y no lo har\u00e1 porque lo ley\u00f3 en los objetivos. As\u00ed tambi\u00e9n decimos que la paz y la serenidad no son un objetivo en si mismos, sino el resultado de una tarea bien hecha: al trascendernos para acercarnos al otro ayud\u00e1ndolo a recuperar la esperanza, nace en nosotros una paz interior profunda y perdurable.<br \/>\nEn la localidad de Carcara\u00f1a los d\u00edas de reuni\u00f3n son los mi\u00e9rcoles a las 20hs. El tel\u00e9fono de Contacto de Katy Martinez es 0341-155972020-<br \/>\nFuente: Programa Tv. Prevenci\u00f3n y Salud.<br \/>\n. Por Katy Mart\u00ednez y M\u00f3nica Alvarez.<br \/>\nPrograma Estreno Lunes  6 de Agosto- Reiteraciones Jueves 20,30hs y S\u00e1bados 12,30hs.<\/p>\n","protected":false},"excerpt":{"rendered":"<p>Hoy en Programa televisivo \u201cPrevencion y Salud\u201d dos integrantes del Grupo RENACER de la localidad de Carcara\u00f1\u00e1, Claudia Mart\u00ednez y M\u00f3nica Alvarez, nos informaran de que se trata esta instituci\u00f3n, quienes lo integran y quienes deber\u00edan de sumarse. Objetivos de Renacer: A) Enfrentar el dolor (la realidad dolorosa) B) Aprender de esta realidad que nos <a href=\"https:\/\/armstrongyregion.com.ar\/diario\/grupo-renacer-padres-que-enfrentan-la-muerte-de-sus-hijos-por-claudia-martinez-y-monica-alvarez\/\" title=\"Read more\" >&#8230;<\/a><\/p>\n","protected":false},"author":1,"featured_media":18186,"comment_status":"open","ping_status":"open","sticky":false,"template":"","format":"standard","meta":{"_jetpack_memberships_contains_paid_content":false,"footnotes":"","jetpack_publicize_message":"","jetpack_publicize_feature_enabled":true,"jetpack_social_post_already_shared":false,"jetpack_social_options":{"image_generator_settings":{"template":"highway","default_image_id":0,"enabled":false},"version":2}},"categories":[8,1,2,4,3],"tags":[7004,7005],"class_list":["post-18185","post","type-post","status-publish","format-standard","has-post-thumbnail","hentry","category-deliberando","category-diario-armstrong","category-locales","category-prevencion-salud","category-region","tag-grupo-renacer","tag-padres-que-enfrentan-la-muerte-de-sus-hijos-por-claudia-martinez-y-monica-alvarez"],"jetpack_publicize_connections":[],"jetpack_featured_media_url":"https:\/\/armstrongyregion.com.ar\/diario\/wp-content\/uploads\/2018\/08\/Katy-Martinez-.jpg","jetpack_shortlink":"https:\/\/wp.me\/p62QDO-4Jj","jetpack_sharing_enabled":true,"amp_enabled":true,"_links":{"self":[{"href":"https:\/\/armstrongyregion.com.ar\/diario\/wp-json\/wp\/v2\/posts\/18185","targetHints":{"allow":["GET"]}}],"collection":[{"href":"https:\/\/armstrongyregion.com.ar\/diario\/wp-json\/wp\/v2\/posts"}],"about":[{"href":"https:\/\/armstrongyregion.com.ar\/diario\/wp-json\/wp\/v2\/types\/post"}],"author":[{"embeddable":true,"href":"https:\/\/armstrongyregion.com.ar\/diario\/wp-json\/wp\/v2\/users\/1"}],"replies":[{"embeddable":true,"href":"https:\/\/armstrongyregion.com.ar\/diario\/wp-json\/wp\/v2\/comments?post=18185"}],"version-history":[{"count":0,"href":"https:\/\/armstrongyregion.com.ar\/diario\/wp-json\/wp\/v2\/posts\/18185\/revisions"}],"wp:featuredmedia":[{"embeddable":true,"href":"https:\/\/armstrongyregion.com.ar\/diario\/wp-json\/wp\/v2\/media\/18186"}],"wp:attachment":[{"href":"https:\/\/armstrongyregion.com.ar\/diario\/wp-json\/wp\/v2\/media?parent=18185"}],"wp:term":[{"taxonomy":"category","embeddable":true,"href":"https:\/\/armstrongyregion.com.ar\/diario\/wp-json\/wp\/v2\/categories?post=18185"},{"taxonomy":"post_tag","embeddable":true,"href":"https:\/\/armstrongyregion.com.ar\/diario\/wp-json\/wp\/v2\/tags?post=18185"}],"curies":[{"name":"wp","href":"https:\/\/api.w.org\/{rel}","templated":true}]}}