{"id":18178,"date":"2018-08-05T15:53:07","date_gmt":"2018-08-05T15:53:07","guid":{"rendered":"https:\/\/armstrongyregion.com.ar\/diario\/?p=18178"},"modified":"2018-08-05T15:57:54","modified_gmt":"2018-08-05T15:57:54","slug":"armstrong-con-gran-convocatoria-se-corrio-el-16o-maraton-delfo-cabrera","status":"publish","type":"post","link":"https:\/\/armstrongyregion.com.ar\/diario\/armstrong-con-gran-convocatoria-se-corrio-el-16o-maraton-delfo-cabrera\/","title":{"rendered":"Armstrong. Con gran convocatoria se corri\u00f3 el 16o Maraton Delfo Cabrera."},"content":{"rendered":"<p><a href=\"http:\/\/armstrongyregion.com.ar\/diario\/wp-content\/uploads\/2018\/08\/Verdecchia-Maraton-.jpg\"><img loading=\"lazy\" decoding=\"async\" src=\"http:\/\/armstrongyregion.com.ar\/diario\/wp-content\/uploads\/2018\/08\/Verdecchia-Maraton-.jpg\" alt=\"Verdecchia-Maraton-\" width=\"960\" height=\"720\" class=\"alignnone size-full wp-image-18179\" srcset=\"https:\/\/armstrongyregion.com.ar\/diario\/wp-content\/uploads\/2018\/08\/Verdecchia-Maraton-.jpg 960w, https:\/\/armstrongyregion.com.ar\/diario\/wp-content\/uploads\/2018\/08\/Verdecchia-Maraton--300x225.jpg 300w\" sizes=\"auto, (max-width: 960px) 100vw, 960px\" \/><\/a>En el marco del Maraton Delfo Cabrera, el intendente local Dr. Pablo Verdecchia, nos dec\u00eda: \u201cHoy es un d\u00eda de mucha alegr\u00eda, y estamos pr\u00f3ximos a cumplirse los 70 a\u00f1os de aquella jornada  en la que Delfo Cabrera ganara la medalla ol\u00edmpica, la \u00faltima de atletismo en el pa\u00eds para nosotros es un orgullo, se ha sumado mucha gente en la parte competitiva, a los atletas les ha gustado el circuito, tambi\u00e9n quienes participan en la integrativa, este ha superado a todos en cantidad de inscriptos\u201d.<br \/>\n<a href=\"http:\/\/armstrongyregion.com.ar\/diario\/wp-content\/uploads\/2018\/08\/Maraton-salida.jpg\"><img loading=\"lazy\" decoding=\"async\" src=\"http:\/\/armstrongyregion.com.ar\/diario\/wp-content\/uploads\/2018\/08\/Maraton-salida.jpg\" alt=\"Maraton-salida\" width=\"960\" height=\"720\" class=\"alignnone size-full wp-image-18180\" srcset=\"https:\/\/armstrongyregion.com.ar\/diario\/wp-content\/uploads\/2018\/08\/Maraton-salida.jpg 960w, https:\/\/armstrongyregion.com.ar\/diario\/wp-content\/uploads\/2018\/08\/Maraton-salida-300x225.jpg 300w\" sizes=\"auto, (max-width: 960px) 100vw, 960px\" \/><\/a>El funcionario tambien record\u00f3 que,  \u201chace 9 a\u00f1os, a los vecinos arsmtronenses les incomodaba el corte de calles por tres horas\u2026  hoy\u2026toman a este evento como propio, y participan desde las veredas de sus casas alentando y aplaudiendo a los atletas\u2026hoy todos tomamos y participamos de este festejo tan propio de nuestra ciudad\u201d.<br \/>\n<a href=\"http:\/\/armstrongyregion.com.ar\/diario\/wp-content\/uploads\/2018\/08\/Maraton-1ro2do3er.jpg\"><img loading=\"lazy\" decoding=\"async\" src=\"http:\/\/armstrongyregion.com.ar\/diario\/wp-content\/uploads\/2018\/08\/Maraton-1ro2do3er.jpg\" alt=\"Maraton-1ro,2do,3er\" width=\"960\" height=\"720\" class=\"alignnone size-full wp-image-18181\" srcset=\"https:\/\/armstrongyregion.com.ar\/diario\/wp-content\/uploads\/2018\/08\/Maraton-1ro2do3er.jpg 960w, https:\/\/armstrongyregion.com.ar\/diario\/wp-content\/uploads\/2018\/08\/Maraton-1ro2do3er-300x225.jpg 300w\" sizes=\"auto, (max-width: 960px) 100vw, 960px\" \/><\/a><br \/>\nIzq. Cesar Orta D\u00edaz (3er Puesto) Centro Julian Molina (1er Puesto), Derecha Ezequiel Conde, (2do Puesto). Competencia 21km.<br \/>\nEl intendente finaliz\u00f3 \u201cLa verdad bregamos para que a Armstrong, se la nombre capital del atletismo, que ya en los pr\u00f3ximos d\u00edas tendremos novedades, ah\u00ed  cerrar\u00edamos un ciclo de homenaje y agradecimiento por los valores que nos a gestado y nos ha legado Delfo Cabrera.<\/p>\n","protected":false},"excerpt":{"rendered":"<p>En el marco del Maraton Delfo Cabrera, el intendente local Dr. Pablo Verdecchia, nos dec\u00eda: \u201cHoy es un d\u00eda de mucha alegr\u00eda, y estamos pr\u00f3ximos a cumplirse los 70 a\u00f1os de aquella jornada en la que Delfo Cabrera ganara la medalla ol\u00edmpica, la \u00faltima de atletismo en el pa\u00eds para nosotros es un orgullo, se <a href=\"https:\/\/armstrongyregion.com.ar\/diario\/armstrong-con-gran-convocatoria-se-corrio-el-16o-maraton-delfo-cabrera\/\" title=\"Read more\" >&#8230;<\/a><\/p>\n","protected":false},"author":1,"featured_media":18179,"comment_status":"open","ping_status":"open","sticky":false,"template":"","format":"standard","meta":{"_jetpack_memberships_contains_paid_content":false,"footnotes":"","jetpack_publicize_message":"","jetpack_publicize_feature_enabled":true,"jetpack_social_post_already_shared":false,"jetpack_social_options":{"image_generator_settings":{"template":"highway","default_image_id":0,"enabled":false},"version":2}},"categories":[8,5,1,2,3],"tags":[7003],"class_list":["post-18178","post","type-post","status-publish","format-standard","has-post-thumbnail","hentry","category-deliberando","category-deportes","category-diario-armstrong","category-locales","category-region","tag-armstrong-con-gran-convocatoria-se-corrio-el-16o-maraton-delfo-cabrera"],"jetpack_publicize_connections":[],"jetpack_featured_media_url":"https:\/\/armstrongyregion.com.ar\/diario\/wp-content\/uploads\/2018\/08\/Verdecchia-Maraton-.jpg","jetpack_shortlink":"https:\/\/wp.me\/p62QDO-4Jc","jetpack_sharing_enabled":true,"amp_enabled":true,"_links":{"self":[{"href":"https:\/\/armstrongyregion.com.ar\/diario\/wp-json\/wp\/v2\/posts\/18178","targetHints":{"allow":["GET"]}}],"collection":[{"href":"https:\/\/armstrongyregion.com.ar\/diario\/wp-json\/wp\/v2\/posts"}],"about":[{"href":"https:\/\/armstrongyregion.com.ar\/diario\/wp-json\/wp\/v2\/types\/post"}],"author":[{"embeddable":true,"href":"https:\/\/armstrongyregion.com.ar\/diario\/wp-json\/wp\/v2\/users\/1"}],"replies":[{"embeddable":true,"href":"https:\/\/armstrongyregion.com.ar\/diario\/wp-json\/wp\/v2\/comments?post=18178"}],"version-history":[{"count":0,"href":"https:\/\/armstrongyregion.com.ar\/diario\/wp-json\/wp\/v2\/posts\/18178\/revisions"}],"wp:featuredmedia":[{"embeddable":true,"href":"https:\/\/armstrongyregion.com.ar\/diario\/wp-json\/wp\/v2\/media\/18179"}],"wp:attachment":[{"href":"https:\/\/armstrongyregion.com.ar\/diario\/wp-json\/wp\/v2\/media?parent=18178"}],"wp:term":[{"taxonomy":"category","embeddable":true,"href":"https:\/\/armstrongyregion.com.ar\/diario\/wp-json\/wp\/v2\/categories?post=18178"},{"taxonomy":"post_tag","embeddable":true,"href":"https:\/\/armstrongyregion.com.ar\/diario\/wp-json\/wp\/v2\/tags?post=18178"}],"curies":[{"name":"wp","href":"https:\/\/api.w.org\/{rel}","templated":true}]}}