{"id":18175,"date":"2018-08-04T23:15:14","date_gmt":"2018-08-04T23:15:14","guid":{"rendered":"https:\/\/armstrongyregion.com.ar\/diario\/?p=18175"},"modified":"2018-08-04T23:15:14","modified_gmt":"2018-08-04T23:15:14","slug":"una-alfombra-verde-en-el-monumento-para-pedir-al-senado-que-el-aborto-legal-sea-ley","status":"publish","type":"post","link":"https:\/\/armstrongyregion.com.ar\/diario\/una-alfombra-verde-en-el-monumento-para-pedir-al-senado-que-el-aborto-legal-sea-ley\/","title":{"rendered":"Una alfombra verde en el Monumento para pedir al Senado que el aborto legal sea ley."},"content":{"rendered":"<p><a href=\"http:\/\/armstrongyregion.com.ar\/diario\/wp-content\/uploads\/2018\/08\/panuelazomonumentoverde4_1.jpg_1305449671.jpg\"><img loading=\"lazy\" decoding=\"async\" src=\"http:\/\/armstrongyregion.com.ar\/diario\/wp-content\/uploads\/2018\/08\/panuelazomonumentoverde4_1.jpg_1305449671.jpg\" alt=\"panuelazomonumentoverde4_1.jpg_1305449671\" width=\"847\" height=\"476\" class=\"alignnone size-full wp-image-18176\" srcset=\"https:\/\/armstrongyregion.com.ar\/diario\/wp-content\/uploads\/2018\/08\/panuelazomonumentoverde4_1.jpg_1305449671.jpg 847w, https:\/\/armstrongyregion.com.ar\/diario\/wp-content\/uploads\/2018\/08\/panuelazomonumentoverde4_1.jpg_1305449671-300x169.jpg 300w\" sizes=\"auto, (max-width: 847px) 100vw, 847px\" \/><\/a>En la previa a la votaci\u00f3n del mi\u00e9rcoles 8, este s\u00e1bado a la tarde se realiz\u00f3 un multitudinario pa\u00f1uelazo en Rosario a favor de la legalizaci\u00f3n de la interrupci\u00f3n voluntaria del embarazo.<br \/>\nFuente: Rosario3.com<\/p>\n","protected":false},"excerpt":{"rendered":"<p>En la previa a la votaci\u00f3n del mi\u00e9rcoles 8, este s\u00e1bado a la tarde se realiz\u00f3 un multitudinario pa\u00f1uelazo en Rosario a favor de la legalizaci\u00f3n de la interrupci\u00f3n voluntaria del embarazo. Fuente: Rosario3.com<\/p>\n","protected":false},"author":1,"featured_media":18176,"comment_status":"open","ping_status":"open","sticky":false,"template":"","format":"standard","meta":{"_jetpack_memberships_contains_paid_content":false,"footnotes":"","jetpack_publicize_message":"","jetpack_publicize_feature_enabled":true,"jetpack_social_post_already_shared":false,"jetpack_social_options":{"image_generator_settings":{"template":"highway","default_image_id":0,"enabled":false},"version":2}},"categories":[8,1,2,3],"tags":[7002],"class_list":["post-18175","post","type-post","status-publish","format-standard","has-post-thumbnail","hentry","category-deliberando","category-diario-armstrong","category-locales","category-region","tag-una-alfombra-verde-en-el-monumento-para-pedir-al-senado-que-el-aborto-legal-sea-ley"],"jetpack_publicize_connections":[],"jetpack_featured_media_url":"https:\/\/armstrongyregion.com.ar\/diario\/wp-content\/uploads\/2018\/08\/panuelazomonumentoverde4_1.jpg_1305449671.jpg","jetpack_shortlink":"https:\/\/wp.me\/p62QDO-4J9","jetpack_sharing_enabled":true,"amp_enabled":true,"_links":{"self":[{"href":"https:\/\/armstrongyregion.com.ar\/diario\/wp-json\/wp\/v2\/posts\/18175","targetHints":{"allow":["GET"]}}],"collection":[{"href":"https:\/\/armstrongyregion.com.ar\/diario\/wp-json\/wp\/v2\/posts"}],"about":[{"href":"https:\/\/armstrongyregion.com.ar\/diario\/wp-json\/wp\/v2\/types\/post"}],"author":[{"embeddable":true,"href":"https:\/\/armstrongyregion.com.ar\/diario\/wp-json\/wp\/v2\/users\/1"}],"replies":[{"embeddable":true,"href":"https:\/\/armstrongyregion.com.ar\/diario\/wp-json\/wp\/v2\/comments?post=18175"}],"version-history":[{"count":0,"href":"https:\/\/armstrongyregion.com.ar\/diario\/wp-json\/wp\/v2\/posts\/18175\/revisions"}],"wp:featuredmedia":[{"embeddable":true,"href":"https:\/\/armstrongyregion.com.ar\/diario\/wp-json\/wp\/v2\/media\/18176"}],"wp:attachment":[{"href":"https:\/\/armstrongyregion.com.ar\/diario\/wp-json\/wp\/v2\/media?parent=18175"}],"wp:term":[{"taxonomy":"category","embeddable":true,"href":"https:\/\/armstrongyregion.com.ar\/diario\/wp-json\/wp\/v2\/categories?post=18175"},{"taxonomy":"post_tag","embeddable":true,"href":"https:\/\/armstrongyregion.com.ar\/diario\/wp-json\/wp\/v2\/tags?post=18175"}],"curies":[{"name":"wp","href":"https:\/\/api.w.org\/{rel}","templated":true}]}}